
{"id":28607,"date":"2022-05-26T16:06:00","date_gmt":"2022-05-26T16:06:00","guid":{"rendered":"https:\/\/www.lejournalduforkane.com\/?p=28607"},"modified":"2022-05-30T16:08:09","modified_gmt":"2022-05-30T16:08:09","slug":"sayyid-hassan-nasrallah-a-propos-de-la-marche-sioniste-des-drapeaux","status":"publish","type":"post","link":"https:\/\/www.lejournalduforkane.com\/index.php\/sayyid-hassan-nasrallah-a-propos-de-la-marche-sioniste-des-drapeaux\/","title":{"rendered":"Sayyid Hassan Nasrallah \u00e0 propos de la marche sioniste des drapeaux"},"content":{"rendered":"<div class=\"kvgmc6g5 cxmmr5t8 oygrvhab hcukyx3x c1et5uql ii04i59q\">\n<div dir=\"auto\">Sayyid Hassan Nasrallah \u00e0 propos de la marche sioniste des drapeaux<\/div>\n<\/div>\n<div class=\"cxmmr5t8 oygrvhab hcukyx3x c1et5uql o9v6fnle ii04i59q\">\n<div dir=\"auto\">\u00ab\u00a0Tout dommage contre la mosqu\u00e9e Al-Aqsa et le D\u00f4me du Rocher entra\u00eenera une explosion majeure dans la r\u00e9gion (&#8230;) et entra\u00eenera des cons\u00e9quences inimaginables\u00a0\u00bb<\/div>\n<\/div>\n\n\n<iframe loading=\"lazy\" src=\"https:\/\/www.facebook.com\/plugins\/video.php?height=314&#038;href=https%3A%2F%2Fwww.facebook.com%2Fle.journal.du.forqane%2Fvideos%2F532222511891990%2F&#038;show_text=false&#038;width=560&#038;t=0\" width=\"560\" height=\"314\" style=\"border:none;overflow:hidden\" scrolling=\"no\" frameborder=\"0\" allowfullscreen=\"true\" allow=\"autoplay; clipboard-write; encrypted-media; picture-in-picture; web-share\" allowFullScreen=\"true\"><\/iframe>\n","protected":false},"excerpt":{"rendered":"<p>Sayyid Hassan Nasrallah \u00e0 propos de la marche sioniste des drapeaux \u00ab\u00a0Tout dommage contre la mosqu\u00e9e Al-Aqsa et le D\u00f4me du Rocher entra\u00eenera une explosion majeure dans la r\u00e9gion (&#8230;)<\/p>\n","protected":false},"author":2,"featured_media":28533,"comment_status":"closed","ping_status":"open","sticky":false,"template":"","format":"standard","meta":[],"categories":[],"tags":[],"_links":{"self":[{"href":"https:\/\/www.lejournalduforkane.com\/index.php\/wp-json\/wp\/v2\/posts\/28607"}],"collection":[{"href":"https:\/\/www.lejournalduforkane.com\/index.php\/wp-json\/wp\/v2\/posts"}],"about":[{"href":"https:\/\/www.lejournalduforkane.com\/index.php\/wp-json\/wp\/v2\/types\/post"}],"author":[{"embeddable":true,"href":"https:\/\/www.lejournalduforkane.com\/index.php\/wp-json\/wp\/v2\/users\/2"}],"replies":[{"embeddable":true,"href":"https:\/\/www.lejournalduforkane.com\/index.php\/wp-json\/wp\/v2\/comments?post=28607"}],"version-history":[{"count":1,"href":"https:\/\/www.lejournalduforkane.com\/index.php\/wp-json\/wp\/v2\/posts\/28607\/revisions"}],"predecessor-version":[{"id":28608,"href":"https:\/\/www.lejournalduforkane.com\/index.php\/wp-json\/wp\/v2\/posts\/28607\/revisions\/28608"}],"wp:featuredmedia":[{"embeddable":true,"href":"https:\/\/www.lejournalduforkane.com\/index.php\/wp-json\/wp\/v2\/media\/28533"}],"wp:attachment":[{"href":"https:\/\/www.lejournalduforkane.com\/index.php\/wp-json\/wp\/v2\/media?parent=28607"}],"wp:term":[{"taxonomy":"category","embeddable":true,"href":"https:\/\/www.lejournalduforkane.com\/index.php\/wp-json\/wp\/v2\/categories?post=28607"},{"taxonomy":"post_tag","embeddable":true,"href":"https:\/\/www.lejournalduforkane.com\/index.php\/wp-json\/wp\/v2\/tags?post=28607"}],"curies":[{"name":"wp","href":"https:\/\/api.w.org\/{rel}","templated":true}]}}