
{"id":28615,"date":"2022-05-29T16:11:00","date_gmt":"2022-05-29T16:11:00","guid":{"rendered":"https:\/\/www.lejournalduforkane.com\/?p=28615"},"modified":"2022-05-30T16:13:01","modified_gmt":"2022-05-30T16:13:01","slug":"palestine-lentite-sioniste-projette-son-drapeau-sur-bayt-al-maqdis","status":"publish","type":"post","link":"https:\/\/www.lejournalduforkane.com\/index.php\/palestine-lentite-sioniste-projette-son-drapeau-sur-bayt-al-maqdis\/","title":{"rendered":"Palestine : l&rsquo;entit\u00e9 sioniste projette son drapeau sur Bayt al-Maqdis"},"content":{"rendered":"<div class=\"kvgmc6g5 cxmmr5t8 oygrvhab hcukyx3x c1et5uql ii04i59q\">\n<div dir=\"auto\">Palestine <span class=\"pq6dq46d tbxw36s4 knj5qynh kvgmc6g5 ditlmg2l oygrvhab nvdbi5me sf5mxxl7 gl3lb2sf hhz5lgdu\"><img loading=\"lazy\" src=\"https:\/\/static.xx.fbcdn.net\/images\/emoji.php\/v9\/t67\/1\/16\/1f1f5_1f1f8.png\" alt=\"\ud83c\uddf5\ud83c\uddf8\" width=\"16\" height=\"16\" \/><\/span> : l&rsquo;entit\u00e9 sioniste projette son drapeau sur Bayt al-Maqdis<\/div>\n<\/div>\n<div class=\"cxmmr5t8 oygrvhab hcukyx3x c1et5uql o9v6fnle ii04i59q\">\n<div dir=\"auto\">L&rsquo;occupation sioniste projette son drapeau sur les murs de Bayt al-Maqdis dans le cadre des c\u00e9l\u00e9brations de la soi-disant \u00ab marche des drapeaux \u00bb, pr\u00e9vue demain&#8230;<\/div>\n<\/div>\n<div class=\"cxmmr5t8 oygrvhab hcukyx3x c1et5uql o9v6fnle ii04i59q\">\n<div dir=\"auto\">La derni\u00e8re fois qu&rsquo;ils ont pr\u00e9par\u00e9 ainsi ce genre de f\u00eate&#8230;le lendemain soir ils \u00e9taient en deuil&#8230;<\/div>\n<\/div>\n\n\n<iframe loading=\"lazy\" src=\"https:\/\/www.facebook.com\/plugins\/video.php?height=476&#038;href=https%3A%2F%2Fwww.facebook.com%2Fle.journal.du.forqane%2Fvideos%2F548500179986582%2F&#038;show_text=false&#038;width=311&#038;t=0\" width=\"311\" height=\"476\" style=\"border:none;overflow:hidden\" scrolling=\"no\" frameborder=\"0\" allowfullscreen=\"true\" allow=\"autoplay; clipboard-write; encrypted-media; picture-in-picture; web-share\" allowFullScreen=\"true\"><\/iframe>\n","protected":false},"excerpt":{"rendered":"<p>Palestine : l&rsquo;entit\u00e9 sioniste projette son drapeau sur Bayt al-Maqdis L&rsquo;occupation sioniste projette son drapeau sur les murs de Bayt al-Maqdis dans le cadre des c\u00e9l\u00e9brations de la soi-disant \u00ab<\/p>\n","protected":false},"author":2,"featured_media":28616,"comment_status":"closed","ping_status":"open","sticky":false,"template":"","format":"standard","meta":[],"categories":[],"tags":[],"_links":{"self":[{"href":"https:\/\/www.lejournalduforkane.com\/index.php\/wp-json\/wp\/v2\/posts\/28615"}],"collection":[{"href":"https:\/\/www.lejournalduforkane.com\/index.php\/wp-json\/wp\/v2\/posts"}],"about":[{"href":"https:\/\/www.lejournalduforkane.com\/index.php\/wp-json\/wp\/v2\/types\/post"}],"author":[{"embeddable":true,"href":"https:\/\/www.lejournalduforkane.com\/index.php\/wp-json\/wp\/v2\/users\/2"}],"replies":[{"embeddable":true,"href":"https:\/\/www.lejournalduforkane.com\/index.php\/wp-json\/wp\/v2\/comments?post=28615"}],"version-history":[{"count":1,"href":"https:\/\/www.lejournalduforkane.com\/index.php\/wp-json\/wp\/v2\/posts\/28615\/revisions"}],"predecessor-version":[{"id":28617,"href":"https:\/\/www.lejournalduforkane.com\/index.php\/wp-json\/wp\/v2\/posts\/28615\/revisions\/28617"}],"wp:featuredmedia":[{"embeddable":true,"href":"https:\/\/www.lejournalduforkane.com\/index.php\/wp-json\/wp\/v2\/media\/28616"}],"wp:attachment":[{"href":"https:\/\/www.lejournalduforkane.com\/index.php\/wp-json\/wp\/v2\/media?parent=28615"}],"wp:term":[{"taxonomy":"category","embeddable":true,"href":"https:\/\/www.lejournalduforkane.com\/index.php\/wp-json\/wp\/v2\/categories?post=28615"},{"taxonomy":"post_tag","embeddable":true,"href":"https:\/\/www.lejournalduforkane.com\/index.php\/wp-json\/wp\/v2\/tags?post=28615"}],"curies":[{"name":"wp","href":"https:\/\/api.w.org\/{rel}","templated":true}]}}