
{"id":28618,"date":"2022-05-29T16:13:00","date_gmt":"2022-05-29T16:13:00","guid":{"rendered":"https:\/\/www.lejournalduforkane.com\/?p=28618"},"modified":"2022-05-30T16:15:29","modified_gmt":"2022-05-30T16:15:29","slug":"les-forces-doccupation-arretent-violemment-les-fideles-palestiniens-sur-lesplanade-des-mosquees-pour-permettre-aux-colons-sionistes-de-venir-souiller-le-lieu","status":"publish","type":"post","link":"https:\/\/www.lejournalduforkane.com\/index.php\/les-forces-doccupation-arretent-violemment-les-fideles-palestiniens-sur-lesplanade-des-mosquees-pour-permettre-aux-colons-sionistes-de-venir-souiller-le-lieu\/","title":{"rendered":"les forces d&rsquo;occupation arr\u00eatent violemment les fid\u00e8les palestiniens sur l&rsquo;esplanade des mosqu\u00e9es pour permettre aux colons sionistes de venir souiller le lieu"},"content":{"rendered":"<div class=\"\" dir=\"auto\">\n<div id=\"jsc_c_1hb\" class=\"ecm0bbzt hv4rvrfc ihqw7lf3 dati1w0a\" data-ad-comet-preview=\"message\" data-ad-preview=\"message\">\n<div class=\"j83agx80 cbu4d94t ew0dbk1b irj2b8pg\">\n<div class=\"qzhwtbm6 knvmm38d\">\n<div class=\"kvgmc6g5 cxmmr5t8 oygrvhab hcukyx3x c1et5uql ii04i59q\">\n<div dir=\"auto\">Al-Quds (J\u00e9rusalem) : les forces d&rsquo;occupation arr\u00eatent violemment les fid\u00e8les palestiniens sur l&rsquo;esplanade des mosqu\u00e9es pour permettre aux colons sionistes de venir souiller le lieu avec leur \u00ab\u00a0marche du drapeau\u00a0\u00bb et leurs cris \u00ab\u00a0Mort aux Arabes\u00a0\u00bb.<\/div>\n<\/div>\n<\/div>\n<\/div>\n<\/div>\n<\/div>\n<div id=\"jsc_c_1hc\" class=\"l9j0dhe7\">\n<div class=\"l9j0dhe7\">\n<div>\n<div class=\"l9j0dhe7 stjgntxs ni8dbmo4 cbu4d94t j83agx80\">\n<div class=\"l9j0dhe7 stjgntxs ni8dbmo4\">\n<div class=\"l9j0dhe7\">\n<div class=\"bp9cbjyn cwj9ozl2 j83agx80 cbu4d94t ni8dbmo4 stjgntxs l9j0dhe7 k4urcfbm\">\n<div>\n<div class=\"do00u71z ni8dbmo4 stjgntxs l9j0dhe7\">\n<div class=\"pmk7jnqg kr520xx4\">\u00a0<\/div>\n<\/div>\n<\/div>\n<\/div>\n<div class=\"i09qtzwb n7fi1qx3 datstx6m pmk7jnqg j9ispegn kr520xx4 k4urcfbm\" data-visualcompletion=\"ignore\">\n<div class=\"k4urcfbm l9j0dhe7 datstx6m a8c37x1j du4w35lb\">\n<div class=\"k4urcfbm l9j0dhe7 datstx6m a8c37x1j du4w35lb\">\n<div class=\"k4urcfbm l9j0dhe7 datstx6m a8c37x1j du4w35lb\">\n<div class=\"k4urcfbm l9j0dhe7 datstx6m a8c37x1j du4w35lb\">\n<div class=\"k4urcfbm l9j0dhe7 datstx6m a8c37x1j du4w35lb\">\n<div class=\"datstx6m l9j0dhe7 k4urcfbm\">\n<div class=\"datstx6m l9j0dhe7 k4urcfbm\">\n<div class=\"k4urcfbm hwddc3l5 datstx6m\">\u00a0<\/div>\n<\/div>\n<\/div>\n<\/div>\n<\/div>\n<\/div>\n<\/div>\n<\/div>\n<\/div>\n<\/div>\n<\/div>\n<\/div>\n<\/div>\n<\/div>\n<\/div>\n\n\n<iframe loading=\"lazy\" src=\"https:\/\/www.facebook.com\/plugins\/video.php?height=314&#038;href=https%3A%2F%2Fwww.facebook.com%2Fle.journal.du.forqane%2Fvideos%2F452351450028694%2F&#038;show_text=false&#038;width=560&#038;t=0\" width=\"560\" height=\"314\" style=\"border:none;overflow:hidden\" scrolling=\"no\" frameborder=\"0\" allowfullscreen=\"true\" allow=\"autoplay; clipboard-write; encrypted-media; picture-in-picture; web-share\" allowFullScreen=\"true\"><\/iframe>\n","protected":false},"excerpt":{"rendered":"<p>Al-Quds (J\u00e9rusalem) : les forces d&rsquo;occupation arr\u00eatent violemment les fid\u00e8les palestiniens sur l&rsquo;esplanade des mosqu\u00e9es pour permettre aux colons sionistes de venir souiller le lieu avec leur \u00ab\u00a0marche du drapeau\u00a0\u00bb<\/p>\n","protected":false},"author":2,"featured_media":28619,"comment_status":"closed","ping_status":"open","sticky":false,"template":"","format":"standard","meta":[],"categories":[],"tags":[],"_links":{"self":[{"href":"https:\/\/www.lejournalduforkane.com\/index.php\/wp-json\/wp\/v2\/posts\/28618"}],"collection":[{"href":"https:\/\/www.lejournalduforkane.com\/index.php\/wp-json\/wp\/v2\/posts"}],"about":[{"href":"https:\/\/www.lejournalduforkane.com\/index.php\/wp-json\/wp\/v2\/types\/post"}],"author":[{"embeddable":true,"href":"https:\/\/www.lejournalduforkane.com\/index.php\/wp-json\/wp\/v2\/users\/2"}],"replies":[{"embeddable":true,"href":"https:\/\/www.lejournalduforkane.com\/index.php\/wp-json\/wp\/v2\/comments?post=28618"}],"version-history":[{"count":1,"href":"https:\/\/www.lejournalduforkane.com\/index.php\/wp-json\/wp\/v2\/posts\/28618\/revisions"}],"predecessor-version":[{"id":28620,"href":"https:\/\/www.lejournalduforkane.com\/index.php\/wp-json\/wp\/v2\/posts\/28618\/revisions\/28620"}],"wp:featuredmedia":[{"embeddable":true,"href":"https:\/\/www.lejournalduforkane.com\/index.php\/wp-json\/wp\/v2\/media\/28619"}],"wp:attachment":[{"href":"https:\/\/www.lejournalduforkane.com\/index.php\/wp-json\/wp\/v2\/media?parent=28618"}],"wp:term":[{"taxonomy":"category","embeddable":true,"href":"https:\/\/www.lejournalduforkane.com\/index.php\/wp-json\/wp\/v2\/categories?post=28618"},{"taxonomy":"post_tag","embeddable":true,"href":"https:\/\/www.lejournalduforkane.com\/index.php\/wp-json\/wp\/v2\/tags?post=28618"}],"curies":[{"name":"wp","href":"https:\/\/api.w.org\/{rel}","templated":true}]}}