
{"id":28635,"date":"2022-05-29T16:29:00","date_gmt":"2022-05-29T16:29:00","guid":{"rendered":"https:\/\/www.lejournalduforkane.com\/?p=28635"},"modified":"2022-05-30T16:31:23","modified_gmt":"2022-05-30T16:31:23","slug":"regarder-une-marche-du-drapeau-palestinien-a-vienne-en-autriche-a-eu-lieu-aujourdhui-pour-soutenir-le-peuple-palestinien-contre-la-marche-du-drapeau-israelienne-provocatrice-et-les","status":"publish","type":"post","link":"https:\/\/www.lejournalduforkane.com\/index.php\/regarder-une-marche-du-drapeau-palestinien-a-vienne-en-autriche-a-eu-lieu-aujourdhui-pour-soutenir-le-peuple-palestinien-contre-la-marche-du-drapeau-israelienne-provocatrice-et-les\/","title":{"rendered":"Regarder | Une marche du drapeau palestinien \u00e0 Vienne, en Autriche, a eu lieu aujourd&rsquo;hui pour soutenir le peuple palestinien contre la \u00ab marche du drapeau \u00bb isra\u00e9lienne provocatrice et les hostilit\u00e9s dans les territoires occup\u00e9s."},"content":{"rendered":"\n<iframe loading=\"lazy\" src=\"https:\/\/www.facebook.com\/plugins\/video.php?height=476&#038;href=https%3A%2F%2Fwww.facebook.com%2Fle.journal.du.forqane%2Fvideos%2F1765315057132795%2F&#038;show_text=false&#038;width=262&#038;t=0\" width=\"262\" height=\"476\" style=\"border:none;overflow:hidden\" scrolling=\"no\" frameborder=\"0\" allowfullscreen=\"true\" allow=\"autoplay; clipboard-write; encrypted-media; picture-in-picture; web-share\" allowFullScreen=\"true\"><\/iframe>\n","protected":false},"excerpt":{"rendered":"","protected":false},"author":2,"featured_media":28636,"comment_status":"closed","ping_status":"open","sticky":false,"template":"","format":"standard","meta":[],"categories":[],"tags":[],"_links":{"self":[{"href":"https:\/\/www.lejournalduforkane.com\/index.php\/wp-json\/wp\/v2\/posts\/28635"}],"collection":[{"href":"https:\/\/www.lejournalduforkane.com\/index.php\/wp-json\/wp\/v2\/posts"}],"about":[{"href":"https:\/\/www.lejournalduforkane.com\/index.php\/wp-json\/wp\/v2\/types\/post"}],"author":[{"embeddable":true,"href":"https:\/\/www.lejournalduforkane.com\/index.php\/wp-json\/wp\/v2\/users\/2"}],"replies":[{"embeddable":true,"href":"https:\/\/www.lejournalduforkane.com\/index.php\/wp-json\/wp\/v2\/comments?post=28635"}],"version-history":[{"count":1,"href":"https:\/\/www.lejournalduforkane.com\/index.php\/wp-json\/wp\/v2\/posts\/28635\/revisions"}],"predecessor-version":[{"id":28637,"href":"https:\/\/www.lejournalduforkane.com\/index.php\/wp-json\/wp\/v2\/posts\/28635\/revisions\/28637"}],"wp:featuredmedia":[{"embeddable":true,"href":"https:\/\/www.lejournalduforkane.com\/index.php\/wp-json\/wp\/v2\/media\/28636"}],"wp:attachment":[{"href":"https:\/\/www.lejournalduforkane.com\/index.php\/wp-json\/wp\/v2\/media?parent=28635"}],"wp:term":[{"taxonomy":"category","embeddable":true,"href":"https:\/\/www.lejournalduforkane.com\/index.php\/wp-json\/wp\/v2\/categories?post=28635"},{"taxonomy":"post_tag","embeddable":true,"href":"https:\/\/www.lejournalduforkane.com\/index.php\/wp-json\/wp\/v2\/tags?post=28635"}],"curies":[{"name":"wp","href":"https:\/\/api.w.org\/{rel}","templated":true}]}}