
{"id":28652,"date":"2022-06-03T17:10:00","date_gmt":"2022-06-03T17:10:00","guid":{"rendered":"https:\/\/www.lejournalduforkane.com\/?p=28652"},"modified":"2022-06-08T17:13:23","modified_gmt":"2022-06-08T17:13:23","slug":"palestine-a-un-check-point-de-larmee-doccupation-des-soldats-israeliens-ont-force-un-enfant-palestinien-a-se-deshabiller-et-rentrer-chez-lui-torse-nu-pour-avoir-porte-un-t-shirt-representant-u","status":"publish","type":"post","link":"https:\/\/www.lejournalduforkane.com\/index.php\/palestine-a-un-check-point-de-larmee-doccupation-des-soldats-israeliens-ont-force-un-enfant-palestinien-a-se-deshabiller-et-rentrer-chez-lui-torse-nu-pour-avoir-porte-un-t-shirt-representant-u\/","title":{"rendered":"Palestine : A un check point de l&rsquo;arm\u00e9e d&rsquo;occupation, des soldats isra\u00e9liens ont forc\u00e9 un enfant palestinien \u00e0 se d\u00e9shabiller et rentrer chez lui torse nu, pour avoir port\u00e9 un t-shirt repr\u00e9sentant une arme \u00e0 feu."},"content":{"rendered":"<div class=\"kvgmc6g5 cxmmr5t8 oygrvhab hcukyx3x c1et5uql ii04i59q\">\n<div dir=\"auto\">Palestine : A un check point de l&rsquo;arm\u00e9e d&rsquo;occupation, des soldats isra\u00e9liens ont forc\u00e9 un enfant palestinien \u00e0 se d\u00e9shabiller et rentrer chez lui torse nu, pour avoir port\u00e9 un t-shirt repr\u00e9sentant une arme \u00e0 feu.<\/div>\n<\/div>\n<div class=\"cxmmr5t8 oygrvhab hcukyx3x c1et5uql o9v6fnle ii04i59q\">\n<div dir=\"auto\">Les enfants isra\u00e9liens, eux, se baladent avec de vraies armes&#8230;<\/div>\n<\/div>\n<div dir=\"auto\"><\/div>\n<div dir=\"auto\"><img loading=\"lazy\" class=\"alignnone size-full wp-image-28653\" src=\"https:\/\/www.lejournalduforkane.com\/wp-content\/uploads\/2022\/06\/A-un-check-point-de-larmee-doccupation-des-soldats-israeliens-ont-force-un-enfant-palestinien-a-se-deshabiller2.jpg\" alt=\"\" width=\"315\" height=\"680\" srcset=\"https:\/\/www.lejournalduforkane.com\/wp-content\/uploads\/2022\/06\/A-un-check-point-de-larmee-doccupation-des-soldats-israeliens-ont-force-un-enfant-palestinien-a-se-deshabiller2.jpg 315w, https:\/\/www.lejournalduforkane.com\/wp-content\/uploads\/2022\/06\/A-un-check-point-de-larmee-doccupation-des-soldats-israeliens-ont-force-un-enfant-palestinien-a-se-deshabiller2-139x300.jpg 139w\" sizes=\"(max-width: 315px) 100vw, 315px\" \/> <img loading=\"lazy\" class=\"alignnone size-full wp-image-28654\" src=\"https:\/\/www.lejournalduforkane.com\/wp-content\/uploads\/2022\/06\/A-un-check-point-de-larmee-doccupation-des-soldats-israeliens-ont-force-un-enfant-palestinien-a-se-deshabiller1.jpg\" alt=\"\" width=\"510\" height=\"680\" srcset=\"https:\/\/www.lejournalduforkane.com\/wp-content\/uploads\/2022\/06\/A-un-check-point-de-larmee-doccupation-des-soldats-israeliens-ont-force-un-enfant-palestinien-a-se-deshabiller1.jpg 510w, https:\/\/www.lejournalduforkane.com\/wp-content\/uploads\/2022\/06\/A-un-check-point-de-larmee-doccupation-des-soldats-israeliens-ont-force-un-enfant-palestinien-a-se-deshabiller1-225x300.jpg 225w\" sizes=\"(max-width: 510px) 100vw, 510px\" \/> <img loading=\"lazy\" class=\"alignnone size-full wp-image-28655\" src=\"https:\/\/www.lejournalduforkane.com\/wp-content\/uploads\/2022\/06\/A-un-check-point-de-larmee-doccupation-des-soldats-israeliens-ont-force-un-enfant-palestinien-a-se-deshabiller.jpg\" alt=\"\" width=\"597\" height=\"480\" srcset=\"https:\/\/www.lejournalduforkane.com\/wp-content\/uploads\/2022\/06\/A-un-check-point-de-larmee-doccupation-des-soldats-israeliens-ont-force-un-enfant-palestinien-a-se-deshabiller.jpg 597w, https:\/\/www.lejournalduforkane.com\/wp-content\/uploads\/2022\/06\/A-un-check-point-de-larmee-doccupation-des-soldats-israeliens-ont-force-un-enfant-palestinien-a-se-deshabiller-300x241.jpg 300w\" sizes=\"(max-width: 597px) 100vw, 597px\" \/><\/div>\n","protected":false},"excerpt":{"rendered":"<p>Palestine : A un check point de l&rsquo;arm\u00e9e d&rsquo;occupation, des soldats isra\u00e9liens ont forc\u00e9 un enfant palestinien \u00e0 se d\u00e9shabiller et rentrer chez lui torse nu, pour avoir port\u00e9 un<\/p>\n","protected":false},"author":2,"featured_media":28655,"comment_status":"closed","ping_status":"open","sticky":false,"template":"","format":"standard","meta":[],"categories":[],"tags":[],"_links":{"self":[{"href":"https:\/\/www.lejournalduforkane.com\/index.php\/wp-json\/wp\/v2\/posts\/28652"}],"collection":[{"href":"https:\/\/www.lejournalduforkane.com\/index.php\/wp-json\/wp\/v2\/posts"}],"about":[{"href":"https:\/\/www.lejournalduforkane.com\/index.php\/wp-json\/wp\/v2\/types\/post"}],"author":[{"embeddable":true,"href":"https:\/\/www.lejournalduforkane.com\/index.php\/wp-json\/wp\/v2\/users\/2"}],"replies":[{"embeddable":true,"href":"https:\/\/www.lejournalduforkane.com\/index.php\/wp-json\/wp\/v2\/comments?post=28652"}],"version-history":[{"count":1,"href":"https:\/\/www.lejournalduforkane.com\/index.php\/wp-json\/wp\/v2\/posts\/28652\/revisions"}],"predecessor-version":[{"id":28656,"href":"https:\/\/www.lejournalduforkane.com\/index.php\/wp-json\/wp\/v2\/posts\/28652\/revisions\/28656"}],"wp:featuredmedia":[{"embeddable":true,"href":"https:\/\/www.lejournalduforkane.com\/index.php\/wp-json\/wp\/v2\/media\/28655"}],"wp:attachment":[{"href":"https:\/\/www.lejournalduforkane.com\/index.php\/wp-json\/wp\/v2\/media?parent=28652"}],"wp:term":[{"taxonomy":"category","embeddable":true,"href":"https:\/\/www.lejournalduforkane.com\/index.php\/wp-json\/wp\/v2\/categories?post=28652"},{"taxonomy":"post_tag","embeddable":true,"href":"https:\/\/www.lejournalduforkane.com\/index.php\/wp-json\/wp\/v2\/tags?post=28652"}],"curies":[{"name":"wp","href":"https:\/\/api.w.org\/{rel}","templated":true}]}}