
{"id":28657,"date":"2022-06-07T17:13:00","date_gmt":"2022-06-07T17:13:00","guid":{"rendered":"https:\/\/www.lejournalduforkane.com\/?p=28657"},"modified":"2022-06-08T17:16:01","modified_gmt":"2022-06-08T17:16:01","slug":"les-forces-doccupation-israeliennes-arretent-un-enfant-palestinien-dans-le-quartier-dein-alawzah-a-silwan-a-lest-de-jerusalem","status":"publish","type":"post","link":"https:\/\/www.lejournalduforkane.com\/index.php\/les-forces-doccupation-israeliennes-arretent-un-enfant-palestinien-dans-le-quartier-dein-alawzah-a-silwan-a-lest-de-jerusalem\/","title":{"rendered":"Les forces d&rsquo;occupation isra\u00e9liennes arr\u00eatent un enfant palestinien dans le quartier d&rsquo;Ein Alawzah \u00e0 Silwan, \u00e0 l&rsquo;est de J\u00e9rusalem."},"content":{"rendered":"<div class=\"kvgmc6g5 cxmmr5t8 oygrvhab hcukyx3x c1et5uql ii04i59q\">\n<div dir=\"auto\">Les forces d&rsquo;occupation isra\u00e9liennes arr\u00eatent un enfant palestinien dans le quartier d&rsquo;Ein Alawzah \u00e0 Silwan, \u00e0 l&rsquo;est de J\u00e9rusalem.<\/div>\n<\/div>\n<div class=\"cxmmr5t8 oygrvhab hcukyx3x c1et5uql o9v6fnle ii04i59q\">\n<div dir=\"auto\">Ca fera moins les braves face aux combattants de Gaza et du Hezbollah.<\/div>\n<div dir=\"auto\">Citer le Tweet<\/div>\n<\/div>\n\n\n<iframe loading=\"lazy\" src=\"https:\/\/www.facebook.com\/plugins\/video.php?height=476&#038;href=https%3A%2F%2Fwww.facebook.com%2Fle.journal.du.forqane%2Fvideos%2F1088712858381882%2F&#038;show_text=false&#038;width=268&#038;t=0\" width=\"268\" height=\"476\" style=\"border:none;overflow:hidden\" scrolling=\"no\" frameborder=\"0\" allowfullscreen=\"true\" allow=\"autoplay; clipboard-write; encrypted-media; picture-in-picture; web-share\" allowFullScreen=\"true\"><\/iframe>\n","protected":false},"excerpt":{"rendered":"<p>Les forces d&rsquo;occupation isra\u00e9liennes arr\u00eatent un enfant palestinien dans le quartier d&rsquo;Ein Alawzah \u00e0 Silwan, \u00e0 l&rsquo;est de J\u00e9rusalem. Ca fera moins les braves face aux combattants de Gaza et<\/p>\n","protected":false},"author":2,"featured_media":28658,"comment_status":"closed","ping_status":"open","sticky":false,"template":"","format":"standard","meta":[],"categories":[],"tags":[],"_links":{"self":[{"href":"https:\/\/www.lejournalduforkane.com\/index.php\/wp-json\/wp\/v2\/posts\/28657"}],"collection":[{"href":"https:\/\/www.lejournalduforkane.com\/index.php\/wp-json\/wp\/v2\/posts"}],"about":[{"href":"https:\/\/www.lejournalduforkane.com\/index.php\/wp-json\/wp\/v2\/types\/post"}],"author":[{"embeddable":true,"href":"https:\/\/www.lejournalduforkane.com\/index.php\/wp-json\/wp\/v2\/users\/2"}],"replies":[{"embeddable":true,"href":"https:\/\/www.lejournalduforkane.com\/index.php\/wp-json\/wp\/v2\/comments?post=28657"}],"version-history":[{"count":1,"href":"https:\/\/www.lejournalduforkane.com\/index.php\/wp-json\/wp\/v2\/posts\/28657\/revisions"}],"predecessor-version":[{"id":28659,"href":"https:\/\/www.lejournalduforkane.com\/index.php\/wp-json\/wp\/v2\/posts\/28657\/revisions\/28659"}],"wp:featuredmedia":[{"embeddable":true,"href":"https:\/\/www.lejournalduforkane.com\/index.php\/wp-json\/wp\/v2\/media\/28658"}],"wp:attachment":[{"href":"https:\/\/www.lejournalduforkane.com\/index.php\/wp-json\/wp\/v2\/media?parent=28657"}],"wp:term":[{"taxonomy":"category","embeddable":true,"href":"https:\/\/www.lejournalduforkane.com\/index.php\/wp-json\/wp\/v2\/categories?post=28657"},{"taxonomy":"post_tag","embeddable":true,"href":"https:\/\/www.lejournalduforkane.com\/index.php\/wp-json\/wp\/v2\/tags?post=28657"}],"curies":[{"name":"wp","href":"https:\/\/api.w.org\/{rel}","templated":true}]}}