
{"id":28660,"date":"2022-06-07T17:16:00","date_gmt":"2022-06-07T17:16:00","guid":{"rendered":"https:\/\/www.lejournalduforkane.com\/?p=28660"},"modified":"2022-06-08T17:18:42","modified_gmt":"2022-06-08T17:18:42","slug":"limam-ali-khamenei-qui-est-le-voleur-vous-qui-avez-vole-notre-petrole-ou-nous-qui-lavons-repris","status":"publish","type":"post","link":"https:\/\/www.lejournalduforkane.com\/index.php\/limam-ali-khamenei-qui-est-le-voleur-vous-qui-avez-vole-notre-petrole-ou-nous-qui-lavons-repris\/","title":{"rendered":"L&rsquo;imam Ali Khamenei: Qui est le voleur ? Vous qui avez vol\u00e9 notre p\u00e9trole ou nous qui l&rsquo;avons repris ?"},"content":{"rendered":"<p>L&rsquo;imam Ali Khamenei : \u00ab\u00a0On a vol\u00e9 le p\u00e9trole de l&rsquo;Iran sur les c\u00f4tes de la Gr\u00e8ce, ensuite les Iraniens courageux ont ripost\u00e9 et ont confisqu\u00e9 les p\u00e9troliers de l&rsquo;ennemi. Mais dans les propagandes, l&rsquo;Iran est accus\u00e9 de vol. Qui est le voleur ? Vous qui avez vol\u00e9 notre p\u00e9trole ou nous qui l&rsquo;avons repris ? \u00ab\u00a0<\/p>\n\n\n<iframe loading=\"lazy\" src=\"https:\/\/www.facebook.com\/plugins\/video.php?height=301&#038;href=https%3A%2F%2Fwww.facebook.com%2Fle.journal.du.forqane%2Fvideos%2F385268590235175%2F&#038;show_text=false&#038;width=560&#038;t=0\" width=\"560\" height=\"301\" style=\"border:none;overflow:hidden\" scrolling=\"no\" frameborder=\"0\" allowfullscreen=\"true\" allow=\"autoplay; clipboard-write; encrypted-media; picture-in-picture; web-share\" allowFullScreen=\"true\"><\/iframe>\n","protected":false},"excerpt":{"rendered":"<p>L&rsquo;imam Ali Khamenei : \u00ab\u00a0On a vol\u00e9 le p\u00e9trole de l&rsquo;Iran sur les c\u00f4tes de la Gr\u00e8ce, ensuite les Iraniens courageux ont ripost\u00e9 et ont confisqu\u00e9 les p\u00e9troliers de l&rsquo;ennemi.<\/p>\n","protected":false},"author":2,"featured_media":28661,"comment_status":"closed","ping_status":"open","sticky":false,"template":"","format":"standard","meta":[],"categories":[],"tags":[],"_links":{"self":[{"href":"https:\/\/www.lejournalduforkane.com\/index.php\/wp-json\/wp\/v2\/posts\/28660"}],"collection":[{"href":"https:\/\/www.lejournalduforkane.com\/index.php\/wp-json\/wp\/v2\/posts"}],"about":[{"href":"https:\/\/www.lejournalduforkane.com\/index.php\/wp-json\/wp\/v2\/types\/post"}],"author":[{"embeddable":true,"href":"https:\/\/www.lejournalduforkane.com\/index.php\/wp-json\/wp\/v2\/users\/2"}],"replies":[{"embeddable":true,"href":"https:\/\/www.lejournalduforkane.com\/index.php\/wp-json\/wp\/v2\/comments?post=28660"}],"version-history":[{"count":1,"href":"https:\/\/www.lejournalduforkane.com\/index.php\/wp-json\/wp\/v2\/posts\/28660\/revisions"}],"predecessor-version":[{"id":28662,"href":"https:\/\/www.lejournalduforkane.com\/index.php\/wp-json\/wp\/v2\/posts\/28660\/revisions\/28662"}],"wp:featuredmedia":[{"embeddable":true,"href":"https:\/\/www.lejournalduforkane.com\/index.php\/wp-json\/wp\/v2\/media\/28661"}],"wp:attachment":[{"href":"https:\/\/www.lejournalduforkane.com\/index.php\/wp-json\/wp\/v2\/media?parent=28660"}],"wp:term":[{"taxonomy":"category","embeddable":true,"href":"https:\/\/www.lejournalduforkane.com\/index.php\/wp-json\/wp\/v2\/categories?post=28660"},{"taxonomy":"post_tag","embeddable":true,"href":"https:\/\/www.lejournalduforkane.com\/index.php\/wp-json\/wp\/v2\/tags?post=28660"}],"curies":[{"name":"wp","href":"https:\/\/api.w.org\/{rel}","templated":true}]}}