
{"id":28663,"date":"2022-06-07T17:19:00","date_gmt":"2022-06-07T17:19:00","guid":{"rendered":"https:\/\/www.lejournalduforkane.com\/?p=28663"},"modified":"2022-06-08T17:20:29","modified_gmt":"2022-06-08T17:20:29","slug":"voici-comment-les-occupants-americains-traitent-les-habitants-des-pays-quils-envahissent-et-ils-se-demandent-pourquoi-ils-sont-detestes-presque-universellement-dans-les-pays-du-sud","status":"publish","type":"post","link":"https:\/\/www.lejournalduforkane.com\/index.php\/voici-comment-les-occupants-americains-traitent-les-habitants-des-pays-quils-envahissent-et-ils-se-demandent-pourquoi-ils-sont-detestes-presque-universellement-dans-les-pays-du-sud\/","title":{"rendered":"Voici comment les occupants Am\u00e9ricains traitent les habitants des pays qu&rsquo;ils envahissent, et ils se demandent pourquoi ils sont d\u00e9test\u00e9s presque universellement dans les pays du Sud."},"content":{"rendered":"\n<iframe loading=\"lazy\" src=\"https:\/\/www.facebook.com\/plugins\/video.php?height=314&#038;href=https%3A%2F%2Fwww.facebook.com%2Fle.journal.du.forqane%2Fvideos%2F327871159529468%2F&#038;show_text=false&#038;width=560&#038;t=0\" width=\"560\" height=\"314\" style=\"border:none;overflow:hidden\" scrolling=\"no\" frameborder=\"0\" allowfullscreen=\"true\" allow=\"autoplay; clipboard-write; encrypted-media; picture-in-picture; web-share\" allowFullScreen=\"true\"><\/iframe>\n","protected":false},"excerpt":{"rendered":"","protected":false},"author":2,"featured_media":28664,"comment_status":"closed","ping_status":"open","sticky":false,"template":"","format":"standard","meta":[],"categories":[],"tags":[],"_links":{"self":[{"href":"https:\/\/www.lejournalduforkane.com\/index.php\/wp-json\/wp\/v2\/posts\/28663"}],"collection":[{"href":"https:\/\/www.lejournalduforkane.com\/index.php\/wp-json\/wp\/v2\/posts"}],"about":[{"href":"https:\/\/www.lejournalduforkane.com\/index.php\/wp-json\/wp\/v2\/types\/post"}],"author":[{"embeddable":true,"href":"https:\/\/www.lejournalduforkane.com\/index.php\/wp-json\/wp\/v2\/users\/2"}],"replies":[{"embeddable":true,"href":"https:\/\/www.lejournalduforkane.com\/index.php\/wp-json\/wp\/v2\/comments?post=28663"}],"version-history":[{"count":1,"href":"https:\/\/www.lejournalduforkane.com\/index.php\/wp-json\/wp\/v2\/posts\/28663\/revisions"}],"predecessor-version":[{"id":28665,"href":"https:\/\/www.lejournalduforkane.com\/index.php\/wp-json\/wp\/v2\/posts\/28663\/revisions\/28665"}],"wp:featuredmedia":[{"embeddable":true,"href":"https:\/\/www.lejournalduforkane.com\/index.php\/wp-json\/wp\/v2\/media\/28664"}],"wp:attachment":[{"href":"https:\/\/www.lejournalduforkane.com\/index.php\/wp-json\/wp\/v2\/media?parent=28663"}],"wp:term":[{"taxonomy":"category","embeddable":true,"href":"https:\/\/www.lejournalduforkane.com\/index.php\/wp-json\/wp\/v2\/categories?post=28663"},{"taxonomy":"post_tag","embeddable":true,"href":"https:\/\/www.lejournalduforkane.com\/index.php\/wp-json\/wp\/v2\/tags?post=28663"}],"curies":[{"name":"wp","href":"https:\/\/api.w.org\/{rel}","templated":true}]}}