
{"id":28676,"date":"2022-06-10T17:10:00","date_gmt":"2022-06-10T17:10:00","guid":{"rendered":"https:\/\/www.lejournalduforkane.com\/?p=28676"},"modified":"2022-06-15T17:12:28","modified_gmt":"2022-06-15T17:12:28","slug":"fatma-a-finalement-retrouve-son-pere-le-prisonnier-palestinien-libere-osaid-abu-khadir-qui-a-purge-6-ans-de-peine-dans-les-prisons-de-loccupation-israelienne","status":"publish","type":"post","link":"https:\/\/www.lejournalduforkane.com\/index.php\/fatma-a-finalement-retrouve-son-pere-le-prisonnier-palestinien-libere-osaid-abu-khadir-qui-a-purge-6-ans-de-peine-dans-les-prisons-de-loccupation-israelienne\/","title":{"rendered":"Fatma a finalement retrouv\u00e9 son p\u00e8re, le prisonnier palestinien lib\u00e9r\u00e9 Osaid Abu Khadir, qui a purg\u00e9 6 ans de peine dans les prisons de l&rsquo;occupation isra\u00e9lienne."},"content":{"rendered":"<div class=\"cxmmr5t8 oygrvhab hcukyx3x c1et5uql o9v6fnle\">\n<div dir=\"auto\">Fatma a finalement retrouv\u00e9 son p\u00e8re, le prisonnier palestinien lib\u00e9r\u00e9 Osaid Abu Khadir, qui a purg\u00e9 6 ans de peine dans les prisons de l&rsquo;occupation isra\u00e9lienne.<\/div>\n<\/div>\n<div class=\"cxmmr5t8 oygrvhab hcukyx3x c1et5uql o9v6fnle\">\n<div dir=\"auto\">Fatma n&rsquo;avait que 8 mois lorsque son p\u00e8re a \u00e9t\u00e9 d\u00e9tenu par les forces d&rsquo;occupation isra\u00e9liennes.<\/div>\n<\/div>\n\n\n<iframe loading=\"lazy\" src=\"https:\/\/www.facebook.com\/plugins\/video.php?height=476&#038;href=https%3A%2F%2Fwww.facebook.com%2Fle.journal.du.forqane%2Fvideos%2F1627941880911219%2F&#038;show_text=false&#038;width=334&#038;t=0\" width=\"334\" height=\"476\" style=\"border:none;overflow:hidden\" scrolling=\"no\" frameborder=\"0\" allowfullscreen=\"true\" allow=\"autoplay; clipboard-write; encrypted-media; picture-in-picture; web-share\" allowFullScreen=\"true\"><\/iframe>\n","protected":false},"excerpt":{"rendered":"<p>Fatma a finalement retrouv\u00e9 son p\u00e8re, le prisonnier palestinien lib\u00e9r\u00e9 Osaid Abu Khadir, qui a purg\u00e9 6 ans de peine dans les prisons de l&rsquo;occupation isra\u00e9lienne. Fatma n&rsquo;avait que 8<\/p>\n","protected":false},"author":2,"featured_media":28677,"comment_status":"closed","ping_status":"open","sticky":false,"template":"","format":"standard","meta":[],"categories":[],"tags":[],"_links":{"self":[{"href":"https:\/\/www.lejournalduforkane.com\/index.php\/wp-json\/wp\/v2\/posts\/28676"}],"collection":[{"href":"https:\/\/www.lejournalduforkane.com\/index.php\/wp-json\/wp\/v2\/posts"}],"about":[{"href":"https:\/\/www.lejournalduforkane.com\/index.php\/wp-json\/wp\/v2\/types\/post"}],"author":[{"embeddable":true,"href":"https:\/\/www.lejournalduforkane.com\/index.php\/wp-json\/wp\/v2\/users\/2"}],"replies":[{"embeddable":true,"href":"https:\/\/www.lejournalduforkane.com\/index.php\/wp-json\/wp\/v2\/comments?post=28676"}],"version-history":[{"count":1,"href":"https:\/\/www.lejournalduforkane.com\/index.php\/wp-json\/wp\/v2\/posts\/28676\/revisions"}],"predecessor-version":[{"id":28678,"href":"https:\/\/www.lejournalduforkane.com\/index.php\/wp-json\/wp\/v2\/posts\/28676\/revisions\/28678"}],"wp:featuredmedia":[{"embeddable":true,"href":"https:\/\/www.lejournalduforkane.com\/index.php\/wp-json\/wp\/v2\/media\/28677"}],"wp:attachment":[{"href":"https:\/\/www.lejournalduforkane.com\/index.php\/wp-json\/wp\/v2\/media?parent=28676"}],"wp:term":[{"taxonomy":"category","embeddable":true,"href":"https:\/\/www.lejournalduforkane.com\/index.php\/wp-json\/wp\/v2\/categories?post=28676"},{"taxonomy":"post_tag","embeddable":true,"href":"https:\/\/www.lejournalduforkane.com\/index.php\/wp-json\/wp\/v2\/tags?post=28676"}],"curies":[{"name":"wp","href":"https:\/\/api.w.org\/{rel}","templated":true}]}}