
{"id":28686,"date":"2022-06-11T17:16:00","date_gmt":"2022-06-11T17:16:00","guid":{"rendered":"https:\/\/www.lejournalduforkane.com\/?p=28686"},"modified":"2022-06-15T17:19:22","modified_gmt":"2022-06-15T17:19:22","slug":"lere-de-la-domination-militaire-des-usa-dans-le-monde-est-revolue","status":"publish","type":"post","link":"https:\/\/www.lejournalduforkane.com\/index.php\/lere-de-la-domination-militaire-des-usa-dans-le-monde-est-revolue\/","title":{"rendered":"L&rsquo;\u00e8re de la domination militaire des USA dans le monde est r\u00e9volue"},"content":{"rendered":"<div class=\"kvgmc6g5 cxmmr5t8 oygrvhab hcukyx3x c1et5uql ii04i59q\">\n<div dir=\"auto\">\u00ab\u00a0L&rsquo;\u00e8re de la domination militaire des USA dans le monde est r\u00e9volue.\u00a0\u00bb<\/div>\n<\/div>\n<div class=\"cxmmr5t8 oygrvhab hcukyx3x c1et5uql o9v6fnle ii04i59q\">\n<div dir=\"auto\">Nicolas Maduro a annonc\u00e9 lors de sa visite \u00e0 T\u00e9h\u00e9ran, o\u00f9 il a rencontr\u00e9 son homologue iranien Ebrahim Raisi, la signature d&rsquo;un accord de 20 ans pour \u00e9tendre la coop\u00e9ration conjointe dans divers secteurs.<\/div>\n<\/div>\n\n\n<iframe loading=\"lazy\" src=\"https:\/\/www.facebook.com\/plugins\/video.php?height=314&#038;href=https%3A%2F%2Fwww.facebook.com%2Fle.journal.du.forqane%2Fvideos%2F720766862544399%2F&#038;show_text=false&#038;width=560&#038;t=0\" width=\"560\" height=\"314\" style=\"border:none;overflow:hidden\" scrolling=\"no\" frameborder=\"0\" allowfullscreen=\"true\" allow=\"autoplay; clipboard-write; encrypted-media; picture-in-picture; web-share\" allowFullScreen=\"true\"><\/iframe>\n","protected":false},"excerpt":{"rendered":"<p>\u00ab\u00a0L&rsquo;\u00e8re de la domination militaire des USA dans le monde est r\u00e9volue.\u00a0\u00bb Nicolas Maduro a annonc\u00e9 lors de sa visite \u00e0 T\u00e9h\u00e9ran, o\u00f9 il a rencontr\u00e9 son homologue iranien Ebrahim<\/p>\n","protected":false},"author":2,"featured_media":28687,"comment_status":"closed","ping_status":"open","sticky":false,"template":"","format":"standard","meta":[],"categories":[],"tags":[],"_links":{"self":[{"href":"https:\/\/www.lejournalduforkane.com\/index.php\/wp-json\/wp\/v2\/posts\/28686"}],"collection":[{"href":"https:\/\/www.lejournalduforkane.com\/index.php\/wp-json\/wp\/v2\/posts"}],"about":[{"href":"https:\/\/www.lejournalduforkane.com\/index.php\/wp-json\/wp\/v2\/types\/post"}],"author":[{"embeddable":true,"href":"https:\/\/www.lejournalduforkane.com\/index.php\/wp-json\/wp\/v2\/users\/2"}],"replies":[{"embeddable":true,"href":"https:\/\/www.lejournalduforkane.com\/index.php\/wp-json\/wp\/v2\/comments?post=28686"}],"version-history":[{"count":1,"href":"https:\/\/www.lejournalduforkane.com\/index.php\/wp-json\/wp\/v2\/posts\/28686\/revisions"}],"predecessor-version":[{"id":28688,"href":"https:\/\/www.lejournalduforkane.com\/index.php\/wp-json\/wp\/v2\/posts\/28686\/revisions\/28688"}],"wp:featuredmedia":[{"embeddable":true,"href":"https:\/\/www.lejournalduforkane.com\/index.php\/wp-json\/wp\/v2\/media\/28687"}],"wp:attachment":[{"href":"https:\/\/www.lejournalduforkane.com\/index.php\/wp-json\/wp\/v2\/media?parent=28686"}],"wp:term":[{"taxonomy":"category","embeddable":true,"href":"https:\/\/www.lejournalduforkane.com\/index.php\/wp-json\/wp\/v2\/categories?post=28686"},{"taxonomy":"post_tag","embeddable":true,"href":"https:\/\/www.lejournalduforkane.com\/index.php\/wp-json\/wp\/v2\/tags?post=28686"}],"curies":[{"name":"wp","href":"https:\/\/api.w.org\/{rel}","templated":true}]}}