
{"id":28740,"date":"2022-06-26T17:10:00","date_gmt":"2022-06-26T17:10:00","guid":{"rendered":"https:\/\/www.lejournalduforkane.com\/?p=28740"},"modified":"2022-06-29T17:13:17","modified_gmt":"2022-06-29T17:13:17","slug":"boris-johnson-trudeau-von-der-leyen-macron-veulent-impressionner-poutine","status":"publish","type":"post","link":"https:\/\/www.lejournalduforkane.com\/index.php\/boris-johnson-trudeau-von-der-leyen-macron-veulent-impressionner-poutine\/","title":{"rendered":"Boris Johnson, Trudeau, Von Der Leyen &#038; Macron veulent impressionner Poutine."},"content":{"rendered":"<div class=\"kvgmc6g5 cxmmr5t8 oygrvhab hcukyx3x c1et5uql ii04i59q\">\n<div dir=\"auto\">Boris Johnson, Trudeau, Von Der Leyen &amp; Macron veulent impressionner Poutine.<\/div>\n<\/div>\n<div class=\"cxmmr5t8 oygrvhab hcukyx3x c1et5uql o9v6fnle ii04i59q\">\n<div dir=\"auto\">\u00ab\u00a0Mettons-nous torse nu et montrons-lui nos pecs\u00a0\u00bb dit Boris.<\/div>\n<\/div>\n<div class=\"cxmmr5t8 oygrvhab hcukyx3x c1et5uql o9v6fnle ii04i59q\">\n<div dir=\"auto\">\u00ab\u00a0Rien de mieux que les photos torse nu en cheval\u00a0\u00bb confirme Von Der Leyen, r\u00e9f\u00e9rence \u00e0 une fameuse photo de Poutine<\/div>\n<\/div>\n<div class=\"cxmmr5t8 oygrvhab hcukyx3x c1et5uql o9v6fnle ii04i59q\">\n<div dir=\"auto\">Pas s\u00fbr que \u00e7a marche&#8230;<\/div>\n<\/div>\n\n\n<iframe loading=\"lazy\" src=\"https:\/\/www.facebook.com\/plugins\/video.php?height=285&#038;href=https%3A%2F%2Fwww.facebook.com%2Fle.journal.du.forqane%2Fvideos%2F1371840983310682%2F&#038;show_text=false&#038;width=560&#038;t=0\" width=\"560\" height=\"285\" style=\"border:none;overflow:hidden\" scrolling=\"no\" frameborder=\"0\" allowfullscreen=\"true\" allow=\"autoplay; clipboard-write; encrypted-media; picture-in-picture; web-share\" allowFullScreen=\"true\"><\/iframe>\n","protected":false},"excerpt":{"rendered":"<p>Boris Johnson, Trudeau, Von Der Leyen &amp; Macron veulent impressionner Poutine. \u00ab\u00a0Mettons-nous torse nu et montrons-lui nos pecs\u00a0\u00bb dit Boris. \u00ab\u00a0Rien de mieux que les photos torse nu en cheval\u00a0\u00bb<\/p>\n","protected":false},"author":2,"featured_media":28741,"comment_status":"closed","ping_status":"open","sticky":false,"template":"","format":"standard","meta":[],"categories":[],"tags":[],"_links":{"self":[{"href":"https:\/\/www.lejournalduforkane.com\/index.php\/wp-json\/wp\/v2\/posts\/28740"}],"collection":[{"href":"https:\/\/www.lejournalduforkane.com\/index.php\/wp-json\/wp\/v2\/posts"}],"about":[{"href":"https:\/\/www.lejournalduforkane.com\/index.php\/wp-json\/wp\/v2\/types\/post"}],"author":[{"embeddable":true,"href":"https:\/\/www.lejournalduforkane.com\/index.php\/wp-json\/wp\/v2\/users\/2"}],"replies":[{"embeddable":true,"href":"https:\/\/www.lejournalduforkane.com\/index.php\/wp-json\/wp\/v2\/comments?post=28740"}],"version-history":[{"count":1,"href":"https:\/\/www.lejournalduforkane.com\/index.php\/wp-json\/wp\/v2\/posts\/28740\/revisions"}],"predecessor-version":[{"id":28742,"href":"https:\/\/www.lejournalduforkane.com\/index.php\/wp-json\/wp\/v2\/posts\/28740\/revisions\/28742"}],"wp:featuredmedia":[{"embeddable":true,"href":"https:\/\/www.lejournalduforkane.com\/index.php\/wp-json\/wp\/v2\/media\/28741"}],"wp:attachment":[{"href":"https:\/\/www.lejournalduforkane.com\/index.php\/wp-json\/wp\/v2\/media?parent=28740"}],"wp:term":[{"taxonomy":"category","embeddable":true,"href":"https:\/\/www.lejournalduforkane.com\/index.php\/wp-json\/wp\/v2\/categories?post=28740"},{"taxonomy":"post_tag","embeddable":true,"href":"https:\/\/www.lejournalduforkane.com\/index.php\/wp-json\/wp\/v2\/tags?post=28740"}],"curies":[{"name":"wp","href":"https:\/\/api.w.org\/{rel}","templated":true}]}}