
{"id":28769,"date":"2022-07-03T17:14:00","date_gmt":"2022-07-03T17:14:00","guid":{"rendered":"https:\/\/www.lejournalduforkane.com\/?p=28769"},"modified":"2022-07-06T17:16:18","modified_gmt":"2022-07-06T17:16:18","slug":"iran-ayatullah-al-khamenei-a-propos-de-la-palestine","status":"publish","type":"post","link":"https:\/\/www.lejournalduforkane.com\/index.php\/iran-ayatullah-al-khamenei-a-propos-de-la-palestine\/","title":{"rendered":"Iran &#8211; Ayatullah al-Khamene\u00ef \u00e0 propos de la Palestine\u00a0"},"content":{"rendered":"<div class=\"kvgmc6g5 cxmmr5t8 oygrvhab hcukyx3x c1et5uql ii04i59q\">\n<div dir=\"auto\">Iran &#8211; Ayatullah al-Khamene\u00ef \u00e0 propos de la Palestine\u00a0<\/div>\n<\/div>\n<div class=\"cxmmr5t8 oygrvhab hcukyx3x c1et5uql o9v6fnle ii04i59q\">\n<div dir=\"auto\">\u00ab\u00a0Nous sommes certains que les probl\u00e8mes du monde Islamique ne seront pas r\u00e9solus sans r\u00e9soudre la question de la Palestine. Cette question est une pr\u00e9face obligatoire pour r\u00e9soudre les probl\u00e8mes auxquels sont confront\u00e9s les musulmans en g\u00e9n\u00e9ral et les Arabes en particulier. Bien-s\u00fbr, nous n&rsquo;attendons pas des gouverneurs qui sont soumis et serviles aux \u00c9tats-Unis, qu&rsquo;ils se l\u00e8vent pour la lib\u00e9ration (de la Palestine,&#8230;) [Mais plut\u00f4t] les gouvernements qui sont capables d&rsquo;effectuer cette mission sont ceux qui sont oppos\u00e9s \u00e0 la pression am\u00e9ricaine et qui s&rsquo;appuient sur le pouvoir de leur peuple. Al-Quds est le symbole du Jihad de notre Ummah contre le contr\u00f4le am\u00e9ricain dans la r\u00e9gion.\u00a0\u00bb<\/div>\n<\/div>\n<div class=\"cxmmr5t8 oygrvhab hcukyx3x c1et5uql o9v6fnle ii04i59q\">\n<div dir=\"auto\">1984.<\/div>\n<\/div>\n\n\n<figure class=\"wp-block-embed is-type-video is-provider-youtube wp-block-embed-youtube wp-embed-aspect-4-3 wp-has-aspect-ratio\"><div class=\"wp-block-embed__wrapper\">\n<iframe loading=\"lazy\" title=\"Discours de l&#039;Ayatullah al-Khamenei (qu&#039;Allah le prot\u00e8ge)sur la Palestine.\" width=\"500\" height=\"375\" src=\"https:\/\/www.youtube.com\/embed\/vm6uVLRDXu4?feature=oembed\" frameborder=\"0\" allow=\"accelerometer; autoplay; clipboard-write; encrypted-media; gyroscope; picture-in-picture\" allowfullscreen><\/iframe>\n<\/div><\/figure>\n","protected":false},"excerpt":{"rendered":"<p>Iran &#8211; Ayatullah al-Khamene\u00ef \u00e0 propos de la Palestine\u00a0 \u00ab\u00a0Nous sommes certains que les probl\u00e8mes du monde Islamique ne seront pas r\u00e9solus sans r\u00e9soudre la question de la Palestine. Cette<\/p>\n","protected":false},"author":2,"featured_media":28770,"comment_status":"closed","ping_status":"open","sticky":false,"template":"","format":"standard","meta":[],"categories":[],"tags":[],"_links":{"self":[{"href":"https:\/\/www.lejournalduforkane.com\/index.php\/wp-json\/wp\/v2\/posts\/28769"}],"collection":[{"href":"https:\/\/www.lejournalduforkane.com\/index.php\/wp-json\/wp\/v2\/posts"}],"about":[{"href":"https:\/\/www.lejournalduforkane.com\/index.php\/wp-json\/wp\/v2\/types\/post"}],"author":[{"embeddable":true,"href":"https:\/\/www.lejournalduforkane.com\/index.php\/wp-json\/wp\/v2\/users\/2"}],"replies":[{"embeddable":true,"href":"https:\/\/www.lejournalduforkane.com\/index.php\/wp-json\/wp\/v2\/comments?post=28769"}],"version-history":[{"count":1,"href":"https:\/\/www.lejournalduforkane.com\/index.php\/wp-json\/wp\/v2\/posts\/28769\/revisions"}],"predecessor-version":[{"id":28771,"href":"https:\/\/www.lejournalduforkane.com\/index.php\/wp-json\/wp\/v2\/posts\/28769\/revisions\/28771"}],"wp:featuredmedia":[{"embeddable":true,"href":"https:\/\/www.lejournalduforkane.com\/index.php\/wp-json\/wp\/v2\/media\/28770"}],"wp:attachment":[{"href":"https:\/\/www.lejournalduforkane.com\/index.php\/wp-json\/wp\/v2\/media?parent=28769"}],"wp:term":[{"taxonomy":"category","embeddable":true,"href":"https:\/\/www.lejournalduforkane.com\/index.php\/wp-json\/wp\/v2\/categories?post=28769"},{"taxonomy":"post_tag","embeddable":true,"href":"https:\/\/www.lejournalduforkane.com\/index.php\/wp-json\/wp\/v2\/tags?post=28769"}],"curies":[{"name":"wp","href":"https:\/\/api.w.org\/{rel}","templated":true}]}}