
{"id":28785,"date":"2022-07-06T15:52:00","date_gmt":"2022-07-06T15:52:00","guid":{"rendered":"https:\/\/www.lejournalduforkane.com\/?p=28785"},"modified":"2022-07-12T15:55:07","modified_gmt":"2022-07-12T15:55:07","slug":"palestine-occupee-un-enfant-palestinien-de-10-ans-arrete-brutalement-par-larmee-sioniste","status":"publish","type":"post","link":"https:\/\/www.lejournalduforkane.com\/index.php\/palestine-occupee-un-enfant-palestinien-de-10-ans-arrete-brutalement-par-larmee-sioniste\/","title":{"rendered":"Palestine occup\u00e9e : un enfant palestinien de 10 ans arr\u00eat\u00e9 brutalement par l&rsquo;arm\u00e9e sioniste"},"content":{"rendered":"<div class=\"kvgmc6g5 cxmmr5t8 oygrvhab hcukyx3x c1et5uql\">\n<div dir=\"auto\">Palestine occup\u00e9e : un enfant palestinien de 10 ans arr\u00eat\u00e9 brutalement par l&rsquo;arm\u00e9e sioniste<\/div>\n<\/div>\n<div class=\"cxmmr5t8 oygrvhab hcukyx3x c1et5uql o9v6fnle\">\n<div dir=\"auto\">Des soldats isra\u00e9liens arm\u00e9s continuent de terroriser les enfants palestiniens et ont enlev\u00e9 un enfant chez lui plus t\u00f4t dans la journ\u00e9e.<\/div>\n<\/div>\n<div class=\"cxmmr5t8 oygrvhab hcukyx3x c1et5uql o9v6fnle\">\n<div dir=\"auto\">Comme on le voit dans la vid\u00e9o, l&rsquo;enfant palestinien, \u00e2g\u00e9 d&rsquo;\u00e0 peine 10 ans, a \u00e9t\u00e9 arrach\u00e9 \u00e0 sa m\u00e8re et conduit \u00e0 un interrogatoire.<\/div>\n<\/div>\n\n\n<iframe loading=\"lazy\" src=\"https:\/\/www.facebook.com\/plugins\/video.php?height=476&#038;href=https%3A%2F%2Fwww.facebook.com%2Fle.journal.du.forqane%2Fvideos%2F976338279723578%2F&#038;show_text=false&#038;width=262&#038;t=0\" width=\"262\" height=\"476\" style=\"border:none;overflow:hidden\" scrolling=\"no\" frameborder=\"0\" allowfullscreen=\"true\" allow=\"autoplay; clipboard-write; encrypted-media; picture-in-picture; web-share\" allowFullScreen=\"true\"><\/iframe>\n","protected":false},"excerpt":{"rendered":"<p>Palestine occup\u00e9e : un enfant palestinien de 10 ans arr\u00eat\u00e9 brutalement par l&rsquo;arm\u00e9e sioniste Des soldats isra\u00e9liens arm\u00e9s continuent de terroriser les enfants palestiniens et ont enlev\u00e9 un enfant chez<\/p>\n","protected":false},"author":2,"featured_media":28786,"comment_status":"closed","ping_status":"open","sticky":false,"template":"","format":"standard","meta":[],"categories":[],"tags":[],"_links":{"self":[{"href":"https:\/\/www.lejournalduforkane.com\/index.php\/wp-json\/wp\/v2\/posts\/28785"}],"collection":[{"href":"https:\/\/www.lejournalduforkane.com\/index.php\/wp-json\/wp\/v2\/posts"}],"about":[{"href":"https:\/\/www.lejournalduforkane.com\/index.php\/wp-json\/wp\/v2\/types\/post"}],"author":[{"embeddable":true,"href":"https:\/\/www.lejournalduforkane.com\/index.php\/wp-json\/wp\/v2\/users\/2"}],"replies":[{"embeddable":true,"href":"https:\/\/www.lejournalduforkane.com\/index.php\/wp-json\/wp\/v2\/comments?post=28785"}],"version-history":[{"count":1,"href":"https:\/\/www.lejournalduforkane.com\/index.php\/wp-json\/wp\/v2\/posts\/28785\/revisions"}],"predecessor-version":[{"id":28787,"href":"https:\/\/www.lejournalduforkane.com\/index.php\/wp-json\/wp\/v2\/posts\/28785\/revisions\/28787"}],"wp:featuredmedia":[{"embeddable":true,"href":"https:\/\/www.lejournalduforkane.com\/index.php\/wp-json\/wp\/v2\/media\/28786"}],"wp:attachment":[{"href":"https:\/\/www.lejournalduforkane.com\/index.php\/wp-json\/wp\/v2\/media?parent=28785"}],"wp:term":[{"taxonomy":"category","embeddable":true,"href":"https:\/\/www.lejournalduforkane.com\/index.php\/wp-json\/wp\/v2\/categories?post=28785"},{"taxonomy":"post_tag","embeddable":true,"href":"https:\/\/www.lejournalduforkane.com\/index.php\/wp-json\/wp\/v2\/tags?post=28785"}],"curies":[{"name":"wp","href":"https:\/\/api.w.org\/{rel}","templated":true}]}}