
{"id":28914,"date":"2022-08-05T12:29:00","date_gmt":"2022-08-05T12:29:00","guid":{"rendered":"https:\/\/www.lejournalduforkane.com\/?p=28914"},"modified":"2022-08-07T12:30:28","modified_gmt":"2022-08-07T12:30:28","slug":"les-services-secrets-iraniens-capturent-10-terroristes-de-letat-islamique","status":"publish","type":"post","link":"https:\/\/www.lejournalduforkane.com\/index.php\/les-services-secrets-iraniens-capturent-10-terroristes-de-letat-islamique\/","title":{"rendered":"Les services secrets iraniens capturent 10 terroristes de l&rsquo;Etat islamique"},"content":{"rendered":"<div class=\"kvgmc6g5 cxmmr5t8 oygrvhab hcukyx3x c1et5uql ii04i59q\">\n<div dir=\"auto\">Les terroristes de l&rsquo;Etat islamique planifiaient des attaques lors de la sainte comm\u00e9moration de &lsquo;Achoura.<\/div>\n<\/div>\n<div class=\"cxmmr5t8 oygrvhab hcukyx3x c1et5uql o9v6fnle ii04i59q\">\n<div dir=\"auto\">Dans un communiqu\u00e9, le minist\u00e8re iranien du Renseignement a d\u00e9clar\u00e9 que des terroristes avaient l&rsquo;intention de commettre des actes de terrorisme visant des c\u00e9r\u00e9monies de deuil marquant la comm\u00e9moration du martyre de l&rsquo;Imam Hussain, \u00e9galement connu sous le nom d\u00a0\u00bbAchoura.<\/div>\n<\/div>\n<div class=\"cxmmr5t8 oygrvhab hcukyx3x c1et5uql o9v6fnle ii04i59q\">\n<div dir=\"auto\">\u00ab\u00a0Apr\u00e8s son \u00e9chec majeur en faisant sauter un site sensible dans le pays via des terroristes s\u00e9paratistes connus sous le nom de Komoleh la semaine derni\u00e8re, le r\u00e9gime sioniste criminel a cherch\u00e9 \u00e0 &#8230; mener des op\u00e9rations terroristes via ses \u00e9quipes de mercenaires Takfiri-Daech lors de c\u00e9r\u00e9monies de deuil marquant l&rsquo;anniversaire du martyre de l&rsquo;Imam Hussein (AS) \u00bb, indique le communiqu\u00e9.<\/div>\n<\/div>\n<div class=\"cxmmr5t8 oygrvhab hcukyx3x c1et5uql o9v6fnle ii04i59q\">\n<div dir=\"auto\">Les forces de renseignement iraniennes sont rest\u00e9es vigilantes dans leur surveillance des activit\u00e9s mercenaires, d\u00e9tenant les terroristes dans deux r\u00e9gions de l&rsquo;ouest et du sud de l&rsquo;Iran. Les forces ont confisqu\u00e9 tous leurs explosifs, appareils de communication et armes.<\/div>\n<\/div>\n<div class=\"cxmmr5t8 oygrvhab hcukyx3x c1et5uql o9v6fnle ii04i59q\">\n<div dir=\"auto\">Selon le communiqu\u00e9, deux membres des forces du minist\u00e8re du Renseignement ont \u00e9t\u00e9 bless\u00e9s lors des op\u00e9rations de capture des terroristes de l&rsquo;Etat islamique, r\u00e9it\u00e9rant que les forces sauvegardaient n\u00e9anmoins la s\u00e9curit\u00e9 et la paix de l&rsquo;Iran \u00ab\u00a0puissamment et intelligemment\u00a0\u00bb.<\/div>\n<\/div>\n<div class=\"cxmmr5t8 oygrvhab hcukyx3x c1et5uql o9v6fnle ii04i59q\">\n<div dir=\"auto\">La semaine derni\u00e8re, le minist\u00e8re du Renseignement a publi\u00e9 des d\u00e9tails concernant l&rsquo;arrestation du chef et des membres d&rsquo;un r\u00e9seau d&rsquo;espionnage travaillant pour l&rsquo;occupation isra\u00e9lienne avant qu&rsquo;ils ne puissent mener la moindre op\u00e9ration.<\/div>\n<\/div>\n<div class=\"cxmmr5t8 oygrvhab hcukyx3x c1et5uql o9v6fnle ii04i59q\">\n<div dir=\"auto\">Dans un communiqu\u00e9 de presse, l&rsquo;organisation du renseignement du commandement de l&rsquo;application de la loi a indiqu\u00e9 que le r\u00e9seau de cinq membres \u00e9tait encourag\u00e9 par un chef s\u00e9paratiste \u00e0 se connecter avec les services de renseignement isra\u00e9liens, le Mossad.<\/div>\n<\/div>\n<div class=\"cxmmr5t8 oygrvhab hcukyx3x c1et5uql o9v6fnle ii04i59q\">\n<div dir=\"auto\">Selon le communiqu\u00e9, le r\u00e9seau a travaill\u00e9 sur la collecte d&rsquo;informations sur des endroits critiques en Iran, ainsi que sur la r\u00e9alisation d&rsquo;incendies criminels et la diffusion de propagande contre le r\u00e9gime iranien.<\/div>\n<\/div>\n<div class=\"cxmmr5t8 oygrvhab hcukyx3x c1et5uql o9v6fnle ii04i59q\">\n<div dir=\"auto\">Incit\u00e9 par le Mossad, le r\u00e9seau d&rsquo;espionnage a re\u00e7u une formation suffisante pour mener des op\u00e9rations de sabotage et arm\u00e9es avant que les forces de renseignement iraniennes ne r\u00e9ussissent \u00e0 mettre fin \u00e0 leurs op\u00e9rations.<\/div>\n<\/div>\n","protected":false},"excerpt":{"rendered":"<p>Les terroristes de l&rsquo;Etat islamique planifiaient des attaques lors de la sainte comm\u00e9moration de &lsquo;Achoura. Dans un communiqu\u00e9, le minist\u00e8re iranien du Renseignement a d\u00e9clar\u00e9 que des terroristes avaient l&rsquo;intention<\/p>\n","protected":false},"author":2,"featured_media":28915,"comment_status":"closed","ping_status":"open","sticky":false,"template":"","format":"standard","meta":[],"categories":[],"tags":[],"_links":{"self":[{"href":"https:\/\/www.lejournalduforkane.com\/index.php\/wp-json\/wp\/v2\/posts\/28914"}],"collection":[{"href":"https:\/\/www.lejournalduforkane.com\/index.php\/wp-json\/wp\/v2\/posts"}],"about":[{"href":"https:\/\/www.lejournalduforkane.com\/index.php\/wp-json\/wp\/v2\/types\/post"}],"author":[{"embeddable":true,"href":"https:\/\/www.lejournalduforkane.com\/index.php\/wp-json\/wp\/v2\/users\/2"}],"replies":[{"embeddable":true,"href":"https:\/\/www.lejournalduforkane.com\/index.php\/wp-json\/wp\/v2\/comments?post=28914"}],"version-history":[{"count":1,"href":"https:\/\/www.lejournalduforkane.com\/index.php\/wp-json\/wp\/v2\/posts\/28914\/revisions"}],"predecessor-version":[{"id":28916,"href":"https:\/\/www.lejournalduforkane.com\/index.php\/wp-json\/wp\/v2\/posts\/28914\/revisions\/28916"}],"wp:featuredmedia":[{"embeddable":true,"href":"https:\/\/www.lejournalduforkane.com\/index.php\/wp-json\/wp\/v2\/media\/28915"}],"wp:attachment":[{"href":"https:\/\/www.lejournalduforkane.com\/index.php\/wp-json\/wp\/v2\/media?parent=28914"}],"wp:term":[{"taxonomy":"category","embeddable":true,"href":"https:\/\/www.lejournalduforkane.com\/index.php\/wp-json\/wp\/v2\/categories?post=28914"},{"taxonomy":"post_tag","embeddable":true,"href":"https:\/\/www.lejournalduforkane.com\/index.php\/wp-json\/wp\/v2\/tags?post=28914"}],"curies":[{"name":"wp","href":"https:\/\/api.w.org\/{rel}","templated":true}]}}