
{"id":28917,"date":"2022-08-05T12:31:00","date_gmt":"2022-08-05T12:31:00","guid":{"rendered":"https:\/\/www.lejournalduforkane.com\/?p=28917"},"modified":"2022-08-07T12:32:44","modified_gmt":"2022-08-07T12:32:44","slug":"loccupant-sioniste-diffuse-une-video-du-raid-aerien-qui-a-cible-les-brigades-de-qods-au-cours-duquel-son-commandant-taysir-al-jabari-est-tombe-en-martyr","status":"publish","type":"post","link":"https:\/\/www.lejournalduforkane.com\/index.php\/loccupant-sioniste-diffuse-une-video-du-raid-aerien-qui-a-cible-les-brigades-de-qods-au-cours-duquel-son-commandant-taysir-al-jabari-est-tombe-en-martyr\/","title":{"rendered":"L&rsquo;occupant sioniste diffuse une video du raid a\u00e8rien qui a cibl\u00e9 les brigades de Qods, au cours duquel son commandant Taysir al-Ja&rsquo;bari est tomb\u00e9 en martyr"},"content":{"rendered":"<p>L&rsquo;occupant sioniste diffuse une video du raid a\u00e8rien qui a cibl\u00e9 les brigades de Qods, au cours\u00a0duquel son commandant Taysir al-Ja&rsquo;bari est tomb\u00e9 en martyr<\/p>\n\n\n<iframe loading=\"lazy\" src=\"https:\/\/www.facebook.com\/plugins\/video.php?height=476&#038;href=https%3A%2F%2Fwww.facebook.com%2Fle.journal.du.forqane%2Fvideos%2F381228090622129%2F&#038;show_text=false&#038;width=476&#038;t=0\" width=\"476\" height=\"476\" style=\"border:none;overflow:hidden\" scrolling=\"no\" frameborder=\"0\" allowfullscreen=\"true\" allow=\"autoplay; clipboard-write; encrypted-media; picture-in-picture; web-share\" allowFullScreen=\"true\"><\/iframe>\n","protected":false},"excerpt":{"rendered":"<p>L&rsquo;occupant sioniste diffuse une video du raid a\u00e8rien qui a cibl\u00e9 les brigades de Qods, au cours\u00a0duquel son commandant Taysir al-Ja&rsquo;bari est tomb\u00e9 en martyr<\/p>\n","protected":false},"author":2,"featured_media":28918,"comment_status":"closed","ping_status":"open","sticky":false,"template":"","format":"standard","meta":[],"categories":[],"tags":[],"_links":{"self":[{"href":"https:\/\/www.lejournalduforkane.com\/index.php\/wp-json\/wp\/v2\/posts\/28917"}],"collection":[{"href":"https:\/\/www.lejournalduforkane.com\/index.php\/wp-json\/wp\/v2\/posts"}],"about":[{"href":"https:\/\/www.lejournalduforkane.com\/index.php\/wp-json\/wp\/v2\/types\/post"}],"author":[{"embeddable":true,"href":"https:\/\/www.lejournalduforkane.com\/index.php\/wp-json\/wp\/v2\/users\/2"}],"replies":[{"embeddable":true,"href":"https:\/\/www.lejournalduforkane.com\/index.php\/wp-json\/wp\/v2\/comments?post=28917"}],"version-history":[{"count":1,"href":"https:\/\/www.lejournalduforkane.com\/index.php\/wp-json\/wp\/v2\/posts\/28917\/revisions"}],"predecessor-version":[{"id":28919,"href":"https:\/\/www.lejournalduforkane.com\/index.php\/wp-json\/wp\/v2\/posts\/28917\/revisions\/28919"}],"wp:featuredmedia":[{"embeddable":true,"href":"https:\/\/www.lejournalduforkane.com\/index.php\/wp-json\/wp\/v2\/media\/28918"}],"wp:attachment":[{"href":"https:\/\/www.lejournalduforkane.com\/index.php\/wp-json\/wp\/v2\/media?parent=28917"}],"wp:term":[{"taxonomy":"category","embeddable":true,"href":"https:\/\/www.lejournalduforkane.com\/index.php\/wp-json\/wp\/v2\/categories?post=28917"},{"taxonomy":"post_tag","embeddable":true,"href":"https:\/\/www.lejournalduforkane.com\/index.php\/wp-json\/wp\/v2\/tags?post=28917"}],"curies":[{"name":"wp","href":"https:\/\/api.w.org\/{rel}","templated":true}]}}