
{"id":28923,"date":"2022-08-06T12:34:00","date_gmt":"2022-08-06T12:34:00","guid":{"rendered":"https:\/\/www.lejournalduforkane.com\/?p=28923"},"modified":"2022-08-07T12:36:52","modified_gmt":"2022-08-07T12:36:52","slug":"video-rassemblement-des-manifestants-a-sheffield-en-grande-bretagne-en-solidarite-avec-les-palestiniens-de-gaza-contre-lagression-israelienne-sur-la-bande","status":"publish","type":"post","link":"https:\/\/www.lejournalduforkane.com\/index.php\/video-rassemblement-des-manifestants-a-sheffield-en-grande-bretagne-en-solidarite-avec-les-palestiniens-de-gaza-contre-lagression-israelienne-sur-la-bande\/","title":{"rendered":"Vid\u00e9o | Rassemblement des manifestants \u00e0 Sheffield, en Grande-Bretagne, en solidarit\u00e9 avec les Palestiniens de Gaza contre l&rsquo;agression isra\u00e9lienne sur la bande."},"content":{"rendered":"\n<iframe loading=\"lazy\" src=\"https:\/\/www.facebook.com\/plugins\/video.php?height=476&#038;href=https%3A%2F%2Fwww.facebook.com%2Fle.journal.du.forqane%2Fvideos%2F509622650926357%2F&#038;show_text=false&#038;width=316&#038;t=0\" width=\"316\" height=\"476\" style=\"border:none;overflow:hidden\" scrolling=\"no\" frameborder=\"0\" allowfullscreen=\"true\" allow=\"autoplay; clipboard-write; encrypted-media; picture-in-picture; web-share\" allowFullScreen=\"true\"><\/iframe>\n","protected":false},"excerpt":{"rendered":"","protected":false},"author":2,"featured_media":28924,"comment_status":"closed","ping_status":"open","sticky":false,"template":"","format":"standard","meta":[],"categories":[],"tags":[],"_links":{"self":[{"href":"https:\/\/www.lejournalduforkane.com\/index.php\/wp-json\/wp\/v2\/posts\/28923"}],"collection":[{"href":"https:\/\/www.lejournalduforkane.com\/index.php\/wp-json\/wp\/v2\/posts"}],"about":[{"href":"https:\/\/www.lejournalduforkane.com\/index.php\/wp-json\/wp\/v2\/types\/post"}],"author":[{"embeddable":true,"href":"https:\/\/www.lejournalduforkane.com\/index.php\/wp-json\/wp\/v2\/users\/2"}],"replies":[{"embeddable":true,"href":"https:\/\/www.lejournalduforkane.com\/index.php\/wp-json\/wp\/v2\/comments?post=28923"}],"version-history":[{"count":1,"href":"https:\/\/www.lejournalduforkane.com\/index.php\/wp-json\/wp\/v2\/posts\/28923\/revisions"}],"predecessor-version":[{"id":28925,"href":"https:\/\/www.lejournalduforkane.com\/index.php\/wp-json\/wp\/v2\/posts\/28923\/revisions\/28925"}],"wp:featuredmedia":[{"embeddable":true,"href":"https:\/\/www.lejournalduforkane.com\/index.php\/wp-json\/wp\/v2\/media\/28924"}],"wp:attachment":[{"href":"https:\/\/www.lejournalduforkane.com\/index.php\/wp-json\/wp\/v2\/media?parent=28923"}],"wp:term":[{"taxonomy":"category","embeddable":true,"href":"https:\/\/www.lejournalduforkane.com\/index.php\/wp-json\/wp\/v2\/categories?post=28923"},{"taxonomy":"post_tag","embeddable":true,"href":"https:\/\/www.lejournalduforkane.com\/index.php\/wp-json\/wp\/v2\/tags?post=28923"}],"curies":[{"name":"wp","href":"https:\/\/api.w.org\/{rel}","templated":true}]}}