
{"id":28941,"date":"2022-08-06T12:51:00","date_gmt":"2022-08-06T12:51:00","guid":{"rendered":"https:\/\/www.lejournalduforkane.com\/?p=28941"},"modified":"2022-08-07T12:53:20","modified_gmt":"2022-08-07T12:53:20","slug":"la-12eme-chaine-hebraique","status":"publish","type":"post","link":"https:\/\/www.lejournalduforkane.com\/index.php\/la-12eme-chaine-hebraique\/","title":{"rendered":"La 12eme chaine h\u00e9bra\u00efque"},"content":{"rendered":"<div dir=\"auto\">Regardes les d\u00e9g\u00e2ts et l&rsquo;incendie de l&rsquo;usine de nirlat.. suite \u00e0 la chute d&rsquo;un missile sur le kibboutz de Nir &lsquo;Oz en p\u00e9riph\u00e9rie de Gaza<\/div>\n\n\n<iframe loading=\"lazy\" src=\"https:\/\/www.facebook.com\/plugins\/video.php?height=308&#038;href=https%3A%2F%2Fwww.facebook.com%2Fle.journal.du.forqane%2Fvideos%2F1747806958914962%2F&#038;show_text=false&#038;width=560&#038;t=0\" width=\"560\" height=\"308\" style=\"border:none;overflow:hidden\" scrolling=\"no\" frameborder=\"0\" allowfullscreen=\"true\" allow=\"autoplay; clipboard-write; encrypted-media; picture-in-picture; web-share\" allowFullScreen=\"true\"><\/iframe>\n","protected":false},"excerpt":{"rendered":"<p>Regardes les d\u00e9g\u00e2ts et l&rsquo;incendie de l&rsquo;usine de nirlat.. suite \u00e0 la chute d&rsquo;un missile sur le kibboutz de Nir &lsquo;Oz en p\u00e9riph\u00e9rie de Gaza<\/p>\n","protected":false},"author":2,"featured_media":28942,"comment_status":"closed","ping_status":"open","sticky":false,"template":"","format":"standard","meta":[],"categories":[],"tags":[],"_links":{"self":[{"href":"https:\/\/www.lejournalduforkane.com\/index.php\/wp-json\/wp\/v2\/posts\/28941"}],"collection":[{"href":"https:\/\/www.lejournalduforkane.com\/index.php\/wp-json\/wp\/v2\/posts"}],"about":[{"href":"https:\/\/www.lejournalduforkane.com\/index.php\/wp-json\/wp\/v2\/types\/post"}],"author":[{"embeddable":true,"href":"https:\/\/www.lejournalduforkane.com\/index.php\/wp-json\/wp\/v2\/users\/2"}],"replies":[{"embeddable":true,"href":"https:\/\/www.lejournalduforkane.com\/index.php\/wp-json\/wp\/v2\/comments?post=28941"}],"version-history":[{"count":1,"href":"https:\/\/www.lejournalduforkane.com\/index.php\/wp-json\/wp\/v2\/posts\/28941\/revisions"}],"predecessor-version":[{"id":28943,"href":"https:\/\/www.lejournalduforkane.com\/index.php\/wp-json\/wp\/v2\/posts\/28941\/revisions\/28943"}],"wp:featuredmedia":[{"embeddable":true,"href":"https:\/\/www.lejournalduforkane.com\/index.php\/wp-json\/wp\/v2\/media\/28942"}],"wp:attachment":[{"href":"https:\/\/www.lejournalduforkane.com\/index.php\/wp-json\/wp\/v2\/media?parent=28941"}],"wp:term":[{"taxonomy":"category","embeddable":true,"href":"https:\/\/www.lejournalduforkane.com\/index.php\/wp-json\/wp\/v2\/categories?post=28941"},{"taxonomy":"post_tag","embeddable":true,"href":"https:\/\/www.lejournalduforkane.com\/index.php\/wp-json\/wp\/v2\/tags?post=28941"}],"curies":[{"name":"wp","href":"https:\/\/api.w.org\/{rel}","templated":true}]}}