
{"id":28956,"date":"2022-08-07T16:34:10","date_gmt":"2022-08-07T16:34:10","guid":{"rendered":"https:\/\/www.lejournalduforkane.com\/?p=28956"},"modified":"2022-08-07T16:34:16","modified_gmt":"2022-08-07T16:34:16","slug":"porte-parole-des-forces-armees-yemenites-le-general-yahya-sarea","status":"publish","type":"post","link":"https:\/\/www.lejournalduforkane.com\/index.php\/porte-parole-des-forces-armees-yemenites-le-general-yahya-sarea\/","title":{"rendered":"Porte-parole des forces arm\u00e9es y\u00e9m\u00e9nites, le g\u00e9n\u00e9ral Yahya Sarea"},"content":{"rendered":"<div class=\"kvgmc6g5 cxmmr5t8 oygrvhab hcukyx3x c1et5uql\">\n<div dir=\"auto\">Porte-parole des forces arm\u00e9es y\u00e9m\u00e9nites, le g\u00e9n\u00e9ral Yahya Sarea\u00a0:<\/div>\n<\/div>\n<div class=\"cxmmr5t8 oygrvhab hcukyx3x c1et5uql o9v6fnle\">\n<div dir=\"auto\">\u00ab\u00a0Nous attendons l&rsquo;ordre d\u00e9finitif pour entrer en guerre contre Isra\u00ebl.\u00a0\u00bb<\/div>\n<\/div>\n<div class=\"cxmmr5t8 oygrvhab hcukyx3x c1et5uql o9v6fnle\">\n<div dir=\"auto\">\u00ab\u00a0Les forces y\u00e9m\u00e9nites sont pr\u00eates \u00e0 aider le peuple palestinien face aux sionistes.\u00a0\u00bb<\/div>\n<\/div>\n\n\n<iframe loading=\"lazy\" src=\"https:\/\/www.facebook.com\/plugins\/video.php?height=316&#038;href=https%3A%2F%2Fwww.facebook.com%2Fle.journal.du.forqane%2Fvideos%2F1838318056372254%2F&#038;show_text=false&#038;width=560&#038;t=0\" width=\"560\" height=\"316\" style=\"border:none;overflow:hidden\" scrolling=\"no\" frameborder=\"0\" allowfullscreen=\"true\" allow=\"autoplay; clipboard-write; encrypted-media; picture-in-picture; web-share\" allowFullScreen=\"true\"><\/iframe>\n","protected":false},"excerpt":{"rendered":"<p>Porte-parole des forces arm\u00e9es y\u00e9m\u00e9nites, le g\u00e9n\u00e9ral Yahya Sarea\u00a0: \u00ab\u00a0Nous attendons l&rsquo;ordre d\u00e9finitif pour entrer en guerre contre Isra\u00ebl.\u00a0\u00bb \u00ab\u00a0Les forces y\u00e9m\u00e9nites sont pr\u00eates \u00e0 aider le peuple palestinien face<\/p>\n","protected":false},"author":2,"featured_media":28957,"comment_status":"closed","ping_status":"open","sticky":false,"template":"","format":"standard","meta":[],"categories":[],"tags":[],"_links":{"self":[{"href":"https:\/\/www.lejournalduforkane.com\/index.php\/wp-json\/wp\/v2\/posts\/28956"}],"collection":[{"href":"https:\/\/www.lejournalduforkane.com\/index.php\/wp-json\/wp\/v2\/posts"}],"about":[{"href":"https:\/\/www.lejournalduforkane.com\/index.php\/wp-json\/wp\/v2\/types\/post"}],"author":[{"embeddable":true,"href":"https:\/\/www.lejournalduforkane.com\/index.php\/wp-json\/wp\/v2\/users\/2"}],"replies":[{"embeddable":true,"href":"https:\/\/www.lejournalduforkane.com\/index.php\/wp-json\/wp\/v2\/comments?post=28956"}],"version-history":[{"count":1,"href":"https:\/\/www.lejournalduforkane.com\/index.php\/wp-json\/wp\/v2\/posts\/28956\/revisions"}],"predecessor-version":[{"id":28958,"href":"https:\/\/www.lejournalduforkane.com\/index.php\/wp-json\/wp\/v2\/posts\/28956\/revisions\/28958"}],"wp:featuredmedia":[{"embeddable":true,"href":"https:\/\/www.lejournalduforkane.com\/index.php\/wp-json\/wp\/v2\/media\/28957"}],"wp:attachment":[{"href":"https:\/\/www.lejournalduforkane.com\/index.php\/wp-json\/wp\/v2\/media?parent=28956"}],"wp:term":[{"taxonomy":"category","embeddable":true,"href":"https:\/\/www.lejournalduforkane.com\/index.php\/wp-json\/wp\/v2\/categories?post=28956"},{"taxonomy":"post_tag","embeddable":true,"href":"https:\/\/www.lejournalduforkane.com\/index.php\/wp-json\/wp\/v2\/tags?post=28956"}],"curies":[{"name":"wp","href":"https:\/\/api.w.org\/{rel}","templated":true}]}}