
{"id":28959,"date":"2022-08-07T16:39:44","date_gmt":"2022-08-07T16:39:44","guid":{"rendered":"https:\/\/www.lejournalduforkane.com\/?p=28959"},"modified":"2022-08-07T16:39:51","modified_gmt":"2022-08-07T16:39:51","slug":"seyyed-hassan-nasrallah-lexperience-a-prouve-que-lamerique-peut-etre-vaincue-politiquement-et-sur-le-terrain-comme-cela-sest-passe-en-irak-afghanistan-iran-au-yemen-en-somalie-venezuel","status":"publish","type":"post","link":"https:\/\/www.lejournalduforkane.com\/index.php\/seyyed-hassan-nasrallah-lexperience-a-prouve-que-lamerique-peut-etre-vaincue-politiquement-et-sur-le-terrain-comme-cela-sest-passe-en-irak-afghanistan-iran-au-yemen-en-somalie-venezuel\/","title":{"rendered":"Seyyed Hassan Nasrallah : \u00ab\u00a0l&rsquo;exp\u00e9rience a prouv\u00e9 que l&rsquo;Am\u00e9rique peut \u00eatre vaincue politiquement et sur le terrain. Comme cela s&rsquo;est pass\u00e9 en Irak, Afghanistan, Iran, au Y\u00e9men, en Somalie, Venezuela et \u00e0 Cuba\u00a0\u00bb"},"content":{"rendered":"\n<iframe loading=\"lazy\" src=\"https:\/\/www.facebook.com\/plugins\/video.php?height=314&#038;href=https%3A%2F%2Fwww.facebook.com%2Fle.journal.du.forqane%2Fvideos%2F597701785303835%2F&#038;show_text=false&#038;width=560&#038;t=0\" width=\"560\" height=\"314\" style=\"border:none;overflow:hidden\" scrolling=\"no\" frameborder=\"0\" allowfullscreen=\"true\" allow=\"autoplay; clipboard-write; encrypted-media; picture-in-picture; web-share\" allowFullScreen=\"true\"><\/iframe>\n","protected":false},"excerpt":{"rendered":"","protected":false},"author":2,"featured_media":28960,"comment_status":"closed","ping_status":"open","sticky":false,"template":"","format":"standard","meta":[],"categories":[],"tags":[],"_links":{"self":[{"href":"https:\/\/www.lejournalduforkane.com\/index.php\/wp-json\/wp\/v2\/posts\/28959"}],"collection":[{"href":"https:\/\/www.lejournalduforkane.com\/index.php\/wp-json\/wp\/v2\/posts"}],"about":[{"href":"https:\/\/www.lejournalduforkane.com\/index.php\/wp-json\/wp\/v2\/types\/post"}],"author":[{"embeddable":true,"href":"https:\/\/www.lejournalduforkane.com\/index.php\/wp-json\/wp\/v2\/users\/2"}],"replies":[{"embeddable":true,"href":"https:\/\/www.lejournalduforkane.com\/index.php\/wp-json\/wp\/v2\/comments?post=28959"}],"version-history":[{"count":1,"href":"https:\/\/www.lejournalduforkane.com\/index.php\/wp-json\/wp\/v2\/posts\/28959\/revisions"}],"predecessor-version":[{"id":28961,"href":"https:\/\/www.lejournalduforkane.com\/index.php\/wp-json\/wp\/v2\/posts\/28959\/revisions\/28961"}],"wp:featuredmedia":[{"embeddable":true,"href":"https:\/\/www.lejournalduforkane.com\/index.php\/wp-json\/wp\/v2\/media\/28960"}],"wp:attachment":[{"href":"https:\/\/www.lejournalduforkane.com\/index.php\/wp-json\/wp\/v2\/media?parent=28959"}],"wp:term":[{"taxonomy":"category","embeddable":true,"href":"https:\/\/www.lejournalduforkane.com\/index.php\/wp-json\/wp\/v2\/categories?post=28959"},{"taxonomy":"post_tag","embeddable":true,"href":"https:\/\/www.lejournalduforkane.com\/index.php\/wp-json\/wp\/v2\/tags?post=28959"}],"curies":[{"name":"wp","href":"https:\/\/api.w.org\/{rel}","templated":true}]}}