
{"id":29009,"date":"2022-08-16T13:39:00","date_gmt":"2022-08-16T13:39:00","guid":{"rendered":"https:\/\/www.lejournalduforkane.com\/?p=29009"},"modified":"2022-08-25T13:42:24","modified_gmt":"2022-08-25T13:42:24","slug":"le-ministre-de-la-justice-tres-fier-dinterdire-le-boycott-des-produits-israeliens","status":"publish","type":"post","link":"https:\/\/www.lejournalduforkane.com\/index.php\/le-ministre-de-la-justice-tres-fier-dinterdire-le-boycott-des-produits-israeliens\/","title":{"rendered":"LE MINISTRE DE LA JUSTICE \u00ab\u00a0tr\u00e8s fier\u00a0\u00bb d&rsquo;interdire \u00ab\u00a0le boycott des produits Isra\u00ebliens\u00a0\u00bb"},"content":{"rendered":"\n<blockquote class=\"tiktok-embed\" cite=\"https:\/\/www.tiktok.com\/@iboudjekada\/video\/7132342581211499781\" data-video-id=\"7132342581211499781\" style=\"max-width: 605px;min-width: 325px;\" > <section> <a target=\"_blank\" title=\"@iboudjekada\" href=\"https:\/\/www.tiktok.com\/@iboudjekada?refer=embed\" rel=\"noopener\">@iboudjekada<\/a> LE MINISTRE DE LA JUSTICE &#34;tr\u00e8s fier&#34; d&#39;interdire &#34;le boycott des produits Isra\u00ebliens&#34; <a title=\"clash\" target=\"_blank\" href=\"https:\/\/www.tiktok.com\/tag\/clash?refer=embed\" rel=\"noopener\">#clash<\/a> <a title=\"scandale\" target=\"_blank\" href=\"https:\/\/www.tiktok.com\/tag\/scandale?refer=embed\" rel=\"noopener\">#scandale<\/a> <a title=\"lahonte\" target=\"_blank\" href=\"https:\/\/www.tiktok.com\/tag\/lahonte?refer=embed\" rel=\"noopener\">#LaHonte<\/a> <a title=\"pourtoi\" target=\"_blank\" href=\"https:\/\/www.tiktok.com\/tag\/pourtoi?refer=embed\" rel=\"noopener\">#pourtoi<\/a> <a title=\"politique\" target=\"_blank\" href=\"https:\/\/www.tiktok.com\/tag\/politique?refer=embed\" rel=\"noopener\">#politique<\/a> <a title=\"\u00e9lu\" target=\"_blank\" href=\"https:\/\/www.tiktok.com\/tag\/%C3%A9lu?refer=embed\" rel=\"noopener\">#\u00e9lu<\/a> <a title=\"france\" target=\"_blank\" href=\"https:\/\/www.tiktok.com\/tag\/france?refer=embed\" rel=\"noopener\">#France<\/a> <a title=\"palestine\" target=\"_blank\" href=\"https:\/\/www.tiktok.com\/tag\/palestine?refer=embed\" rel=\"noopener\">#Palestine<\/a> <a title=\"isra\u00ebl\" target=\"_blank\" href=\"https:\/\/www.tiktok.com\/tag\/isra%C3%ABl?refer=embed\" rel=\"noopener\">#Isra\u00ebl<\/a> <a title=\"boycott\" target=\"_blank\" href=\"https:\/\/www.tiktok.com\/tag\/boycott?refer=embed\" rel=\"noopener\">#Boycott<\/a> <a title=\"bds\" target=\"_blank\" href=\"https:\/\/www.tiktok.com\/tag\/bds?refer=embed\" rel=\"noopener\">#BDS<\/a> <a target=\"_blank\" title=\"\u266c Emotional Cinematic Sad Violin and Piano - ISAo\" href=\"https:\/\/www.tiktok.com\/music\/Emotional-Cinematic-Sad-Violin-and-Piano-6817178565679777794?refer=embed\" rel=\"noopener\">\u266c Emotional Cinematic Sad Violin and Piano &#8211; ISAo<\/a> <\/section> <\/blockquote> <script async src=\"https:\/\/www.tiktok.com\/embed.js\"><\/script>\n","protected":false},"excerpt":{"rendered":"<p>@iboudjekada LE MINISTRE DE LA JUSTICE &#34;tr\u00e8s fier&#34; d&#39;interdire &#34;le boycott des produits Isra\u00ebliens&#34; #clash #scandale #LaHonte #pourtoi #politique #\u00e9lu #France #Palestine #Isra\u00ebl #Boycott #BDS \u266c Emotional Cinematic Sad Violin<\/p>\n","protected":false},"author":2,"featured_media":29010,"comment_status":"closed","ping_status":"open","sticky":false,"template":"","format":"standard","meta":[],"categories":[],"tags":[],"_links":{"self":[{"href":"https:\/\/www.lejournalduforkane.com\/index.php\/wp-json\/wp\/v2\/posts\/29009"}],"collection":[{"href":"https:\/\/www.lejournalduforkane.com\/index.php\/wp-json\/wp\/v2\/posts"}],"about":[{"href":"https:\/\/www.lejournalduforkane.com\/index.php\/wp-json\/wp\/v2\/types\/post"}],"author":[{"embeddable":true,"href":"https:\/\/www.lejournalduforkane.com\/index.php\/wp-json\/wp\/v2\/users\/2"}],"replies":[{"embeddable":true,"href":"https:\/\/www.lejournalduforkane.com\/index.php\/wp-json\/wp\/v2\/comments?post=29009"}],"version-history":[{"count":1,"href":"https:\/\/www.lejournalduforkane.com\/index.php\/wp-json\/wp\/v2\/posts\/29009\/revisions"}],"predecessor-version":[{"id":29011,"href":"https:\/\/www.lejournalduforkane.com\/index.php\/wp-json\/wp\/v2\/posts\/29009\/revisions\/29011"}],"wp:featuredmedia":[{"embeddable":true,"href":"https:\/\/www.lejournalduforkane.com\/index.php\/wp-json\/wp\/v2\/media\/29010"}],"wp:attachment":[{"href":"https:\/\/www.lejournalduforkane.com\/index.php\/wp-json\/wp\/v2\/media?parent=29009"}],"wp:term":[{"taxonomy":"category","embeddable":true,"href":"https:\/\/www.lejournalduforkane.com\/index.php\/wp-json\/wp\/v2\/categories?post=29009"},{"taxonomy":"post_tag","embeddable":true,"href":"https:\/\/www.lejournalduforkane.com\/index.php\/wp-json\/wp\/v2\/tags?post=29009"}],"curies":[{"name":"wp","href":"https:\/\/api.w.org\/{rel}","templated":true}]}}