
{"id":29026,"date":"2022-09-05T17:30:00","date_gmt":"2022-09-05T17:30:00","guid":{"rendered":"https:\/\/www.lejournalduforkane.com\/?p=29026"},"modified":"2022-09-07T17:33:32","modified_gmt":"2022-09-07T17:33:32","slug":"un-navire-de-larmee-turque-a-accoste-aujourdhui-dans-le-port-de-haifa-sur-une-base-de-larmee-israelienne-le-navire-fait-partie-dune-mission-de-lotan-en-palestine-occupee","status":"publish","type":"post","link":"https:\/\/www.lejournalduforkane.com\/index.php\/un-navire-de-larmee-turque-a-accoste-aujourdhui-dans-le-port-de-haifa-sur-une-base-de-larmee-israelienne-le-navire-fait-partie-dune-mission-de-lotan-en-palestine-occupee\/","title":{"rendered":"Un navire de l&rsquo;arm\u00e9e turque a accost\u00e9 aujourd&rsquo;hui dans le port de Ha\u00effa sur une base de l&rsquo;arm\u00e9e isra\u00e9lienne. Le navire fait partie d&rsquo;une mission de l&rsquo;OTAN en Palestine occup\u00e9e"},"content":{"rendered":"\n\n\n<iframe loading=\"lazy\" src=\"https:\/\/www.facebook.com\/plugins\/video.php?height=308&#038;href=https%3A%2F%2Fwww.facebook.com%2Fle.journal.du.forqane%2Fvideos%2F752343802501877%2F&#038;show_text=false&#038;width=560&#038;t=0\" width=\"560\" height=\"308\" style=\"border:none;overflow:hidden\" scrolling=\"no\" frameborder=\"0\" allowfullscreen=\"true\" allow=\"autoplay; clipboard-write; encrypted-media; picture-in-picture; web-share\" allowFullScreen=\"true\"><\/iframe>\n","protected":false},"excerpt":{"rendered":"","protected":false},"author":2,"featured_media":29027,"comment_status":"closed","ping_status":"open","sticky":false,"template":"","format":"standard","meta":[],"categories":[],"tags":[],"_links":{"self":[{"href":"https:\/\/www.lejournalduforkane.com\/index.php\/wp-json\/wp\/v2\/posts\/29026"}],"collection":[{"href":"https:\/\/www.lejournalduforkane.com\/index.php\/wp-json\/wp\/v2\/posts"}],"about":[{"href":"https:\/\/www.lejournalduforkane.com\/index.php\/wp-json\/wp\/v2\/types\/post"}],"author":[{"embeddable":true,"href":"https:\/\/www.lejournalduforkane.com\/index.php\/wp-json\/wp\/v2\/users\/2"}],"replies":[{"embeddable":true,"href":"https:\/\/www.lejournalduforkane.com\/index.php\/wp-json\/wp\/v2\/comments?post=29026"}],"version-history":[{"count":1,"href":"https:\/\/www.lejournalduforkane.com\/index.php\/wp-json\/wp\/v2\/posts\/29026\/revisions"}],"predecessor-version":[{"id":29028,"href":"https:\/\/www.lejournalduforkane.com\/index.php\/wp-json\/wp\/v2\/posts\/29026\/revisions\/29028"}],"wp:featuredmedia":[{"embeddable":true,"href":"https:\/\/www.lejournalduforkane.com\/index.php\/wp-json\/wp\/v2\/media\/29027"}],"wp:attachment":[{"href":"https:\/\/www.lejournalduforkane.com\/index.php\/wp-json\/wp\/v2\/media?parent=29026"}],"wp:term":[{"taxonomy":"category","embeddable":true,"href":"https:\/\/www.lejournalduforkane.com\/index.php\/wp-json\/wp\/v2\/categories?post=29026"},{"taxonomy":"post_tag","embeddable":true,"href":"https:\/\/www.lejournalduforkane.com\/index.php\/wp-json\/wp\/v2\/tags?post=29026"}],"curies":[{"name":"wp","href":"https:\/\/api.w.org\/{rel}","templated":true}]}}