
{"id":29029,"date":"2022-09-05T17:33:00","date_gmt":"2022-09-05T17:33:00","guid":{"rendered":"https:\/\/www.lejournalduforkane.com\/?p=29029"},"modified":"2022-09-07T17:36:50","modified_gmt":"2022-09-07T17:36:50","slug":"liban-le-hezbollah-met-un-mistral-a-un-officier-americain","status":"publish","type":"post","link":"https:\/\/www.lejournalduforkane.com\/index.php\/liban-le-hezbollah-met-un-mistral-a-un-officier-americain\/","title":{"rendered":"Liban \u00a0: Le Hezbollah met un mistral \u00e0 un officier am\u00e9ricain"},"content":{"rendered":"<div class=\"m8h3af8h l7ghb35v kjdc1dyq kmwttqpk gh25dzvf n3t5jt4f\">\n<div dir=\"auto\">Liban \u00a0: Le Hezbollah met un mistral \u00e0 un officier am\u00e9ricain<\/div>\n<\/div>\n<div class=\"l7ghb35v kjdc1dyq kmwttqpk gh25dzvf jikcssrz n3t5jt4f\">\n<div dir=\"auto\">Un officier de renseignement am\u00e9ricain repr\u00e9sentant l&rsquo;ambassade US aux fun\u00e9railles du p\u00e8re du g\u00e9n\u00e9ral de division Abbas Ibrahim a tent\u00e9 \u00ab sans le savoir \u00bb de serrer la main du chef du bureau de liaison du Hezbollah, Wafiq Safa.<\/div>\n<div dir=\"auto\">Safa a refus\u00e9 de lui serrer la main<\/div>\n<\/div>\n\n\n<iframe loading=\"lazy\" src=\"https:\/\/www.facebook.com\/plugins\/video.php?height=314&#038;href=https%3A%2F%2Fwww.facebook.com%2Fle.journal.du.forqane%2Fvideos%2F1026721024776277%2F&#038;show_text=false&#038;width=560&#038;t=0\" width=\"560\" height=\"314\" style=\"border:none;overflow:hidden\" scrolling=\"no\" frameborder=\"0\" allowfullscreen=\"true\" allow=\"autoplay; clipboard-write; encrypted-media; picture-in-picture; web-share\" allowFullScreen=\"true\"><\/iframe>\n","protected":false},"excerpt":{"rendered":"<p>Liban \u00a0: Le Hezbollah met un mistral \u00e0 un officier am\u00e9ricain Un officier de renseignement am\u00e9ricain repr\u00e9sentant l&rsquo;ambassade US aux fun\u00e9railles du p\u00e8re du g\u00e9n\u00e9ral de division Abbas Ibrahim a<\/p>\n","protected":false},"author":2,"featured_media":29030,"comment_status":"closed","ping_status":"open","sticky":false,"template":"","format":"standard","meta":[],"categories":[],"tags":[],"_links":{"self":[{"href":"https:\/\/www.lejournalduforkane.com\/index.php\/wp-json\/wp\/v2\/posts\/29029"}],"collection":[{"href":"https:\/\/www.lejournalduforkane.com\/index.php\/wp-json\/wp\/v2\/posts"}],"about":[{"href":"https:\/\/www.lejournalduforkane.com\/index.php\/wp-json\/wp\/v2\/types\/post"}],"author":[{"embeddable":true,"href":"https:\/\/www.lejournalduforkane.com\/index.php\/wp-json\/wp\/v2\/users\/2"}],"replies":[{"embeddable":true,"href":"https:\/\/www.lejournalduforkane.com\/index.php\/wp-json\/wp\/v2\/comments?post=29029"}],"version-history":[{"count":1,"href":"https:\/\/www.lejournalduforkane.com\/index.php\/wp-json\/wp\/v2\/posts\/29029\/revisions"}],"predecessor-version":[{"id":29031,"href":"https:\/\/www.lejournalduforkane.com\/index.php\/wp-json\/wp\/v2\/posts\/29029\/revisions\/29031"}],"wp:featuredmedia":[{"embeddable":true,"href":"https:\/\/www.lejournalduforkane.com\/index.php\/wp-json\/wp\/v2\/media\/29030"}],"wp:attachment":[{"href":"https:\/\/www.lejournalduforkane.com\/index.php\/wp-json\/wp\/v2\/media?parent=29029"}],"wp:term":[{"taxonomy":"category","embeddable":true,"href":"https:\/\/www.lejournalduforkane.com\/index.php\/wp-json\/wp\/v2\/categories?post=29029"},{"taxonomy":"post_tag","embeddable":true,"href":"https:\/\/www.lejournalduforkane.com\/index.php\/wp-json\/wp\/v2\/tags?post=29029"}],"curies":[{"name":"wp","href":"https:\/\/api.w.org\/{rel}","templated":true}]}}