
{"id":29045,"date":"2022-09-12T17:04:00","date_gmt":"2022-09-12T17:04:00","guid":{"rendered":"https:\/\/www.lejournalduforkane.com\/?p=29045"},"modified":"2022-09-14T17:08:02","modified_gmt":"2022-09-14T17:08:02","slug":"fabien-roussel-remis-a-sa-place-en-face-a-face","status":"publish","type":"post","link":"https:\/\/www.lejournalduforkane.com\/index.php\/fabien-roussel-remis-a-sa-place-en-face-a-face\/","title":{"rendered":"Fabien Roussel remis \u00e0 sa place&#8230; en face \u00e0 face !"},"content":{"rendered":"\n<blockquote class=\"tiktok-embed\" cite=\"https:\/\/www.tiktok.com\/@iboudjekada\/video\/7142146792669449477\" data-video-id=\"7142146792669449477\" style=\"max-width: 605px;min-width: 325px;\" > <section> <a target=\"_blank\" title=\"@iboudjekada\" href=\"https:\/\/www.tiktok.com\/@iboudjekada?refer=embed\" rel=\"noopener\">@iboudjekada<\/a> Je remets Fabien Roussel \u00e0 sa place&#8230; en face \u00e0 face ! <a title=\"clash\" target=\"_blank\" href=\"https:\/\/www.tiktok.com\/tag\/clash?refer=embed\" rel=\"noopener\">#clash<\/a> <a title=\"pourtoi\" target=\"_blank\" href=\"https:\/\/www.tiktok.com\/tag\/pourtoi?refer=embed\" rel=\"noopener\">#pourtoi<\/a> <a title=\"scandale\" target=\"_blank\" href=\"https:\/\/www.tiktok.com\/tag\/scandale?refer=embed\" rel=\"noopener\">#scandale<\/a> <a title=\"\u00e9lu\" target=\"_blank\" href=\"https:\/\/www.tiktok.com\/tag\/%C3%A9lu?refer=embed\" rel=\"noopener\">#\u00e9lu<\/a> <a title=\"politique\" target=\"_blank\" href=\"https:\/\/www.tiktok.com\/tag\/politique?refer=embed\" rel=\"noopener\">#politique<\/a> <a title=\"france\" target=\"_blank\" href=\"https:\/\/www.tiktok.com\/tag\/france?refer=embed\" rel=\"noopener\">#France<\/a> <a title=\"abondance\" target=\"_blank\" href=\"https:\/\/www.tiktok.com\/tag\/abondance?refer=embed\" rel=\"noopener\">#abondance<\/a> <a title=\"roussel\" target=\"_blank\" href=\"https:\/\/www.tiktok.com\/tag\/roussel?refer=embed\" rel=\"noopener\">#roussel<\/a> <a title=\"fetedelhuma\" target=\"_blank\" href=\"https:\/\/www.tiktok.com\/tag\/fetedelhuma?refer=embed\" rel=\"noopener\">#fetedelhuma<\/a> <a title=\"melenchon\" target=\"_blank\" href=\"https:\/\/www.tiktok.com\/tag\/melenchon?refer=embed\" rel=\"noopener\">#melenchon<\/a> <a target=\"_blank\" title=\"\u266c SINGING WITH THE WOLVES - Anica\" href=\"https:\/\/www.tiktok.com\/music\/SINGING-WITH-THE-WOLVES-6768740870008080385?refer=embed\" rel=\"noopener\">\u266c SINGING WITH THE WOLVES &#8211; Anica<\/a> <\/section> <\/blockquote> <script async src=\"https:\/\/www.tiktok.com\/embed.js\"><\/script>\n","protected":false},"excerpt":{"rendered":"<p>@iboudjekada Je remets Fabien Roussel \u00e0 sa place&#8230; en face \u00e0 face ! #clash #pourtoi #scandale #\u00e9lu #politique #France #abondance #roussel #fetedelhuma #melenchon \u266c SINGING WITH THE WOLVES &#8211; Anica<\/p>\n","protected":false},"author":2,"featured_media":29046,"comment_status":"closed","ping_status":"open","sticky":false,"template":"","format":"standard","meta":[],"categories":[],"tags":[],"_links":{"self":[{"href":"https:\/\/www.lejournalduforkane.com\/index.php\/wp-json\/wp\/v2\/posts\/29045"}],"collection":[{"href":"https:\/\/www.lejournalduforkane.com\/index.php\/wp-json\/wp\/v2\/posts"}],"about":[{"href":"https:\/\/www.lejournalduforkane.com\/index.php\/wp-json\/wp\/v2\/types\/post"}],"author":[{"embeddable":true,"href":"https:\/\/www.lejournalduforkane.com\/index.php\/wp-json\/wp\/v2\/users\/2"}],"replies":[{"embeddable":true,"href":"https:\/\/www.lejournalduforkane.com\/index.php\/wp-json\/wp\/v2\/comments?post=29045"}],"version-history":[{"count":1,"href":"https:\/\/www.lejournalduforkane.com\/index.php\/wp-json\/wp\/v2\/posts\/29045\/revisions"}],"predecessor-version":[{"id":29047,"href":"https:\/\/www.lejournalduforkane.com\/index.php\/wp-json\/wp\/v2\/posts\/29045\/revisions\/29047"}],"wp:featuredmedia":[{"embeddable":true,"href":"https:\/\/www.lejournalduforkane.com\/index.php\/wp-json\/wp\/v2\/media\/29046"}],"wp:attachment":[{"href":"https:\/\/www.lejournalduforkane.com\/index.php\/wp-json\/wp\/v2\/media?parent=29045"}],"wp:term":[{"taxonomy":"category","embeddable":true,"href":"https:\/\/www.lejournalduforkane.com\/index.php\/wp-json\/wp\/v2\/categories?post=29045"},{"taxonomy":"post_tag","embeddable":true,"href":"https:\/\/www.lejournalduforkane.com\/index.php\/wp-json\/wp\/v2\/tags?post=29045"}],"curies":[{"name":"wp","href":"https:\/\/api.w.org\/{rel}","templated":true}]}}