
{"id":29080,"date":"2022-09-17T17:18:00","date_gmt":"2022-09-17T17:18:00","guid":{"rendered":"https:\/\/www.lejournalduforkane.com\/?p=29080"},"modified":"2022-09-21T17:20:02","modified_gmt":"2022-09-21T17:20:02","slug":"la-presence-du-dirigeant-iranien-coincide-avec-une-epoque-ou-des-rumeurs-circulaient-sur-les-reseaux-sociaux-concernant-sa-sante-cependant-khamenei-est-apparu-devant-la-foule-affichant-au-contrair","status":"publish","type":"post","link":"https:\/\/www.lejournalduforkane.com\/index.php\/la-presence-du-dirigeant-iranien-coincide-avec-une-epoque-ou-des-rumeurs-circulaient-sur-les-reseaux-sociaux-concernant-sa-sante-cependant-khamenei-est-apparu-devant-la-foule-affichant-au-contrair\/","title":{"rendered":"La pr\u00e9sence du dirigeant iranien co\u00efncide avec une \u00e9poque o\u00f9 des rumeurs circulaient sur les r\u00e9seaux sociaux concernant sa sant\u00e9 &#8211; cependant, Khamenei est apparu devant la foule, affichant au contraire une bonne sant\u00e9."},"content":{"rendered":"\n<iframe loading=\"lazy\" src=\"https:\/\/www.facebook.com\/plugins\/video.php?height=476&#038;href=https%3A%2F%2Fwww.facebook.com%2Fle.journal.du.forqane%2Fvideos%2F386842830314539%2F&#038;show_text=false&#038;width=380&#038;t=0\" width=\"380\" height=\"476\" style=\"border:none;overflow:hidden\" scrolling=\"no\" frameborder=\"0\" allowfullscreen=\"true\" allow=\"autoplay; clipboard-write; encrypted-media; picture-in-picture; web-share\" allowFullScreen=\"true\"><\/iframe>\n","protected":false},"excerpt":{"rendered":"","protected":false},"author":2,"featured_media":29081,"comment_status":"closed","ping_status":"open","sticky":false,"template":"","format":"standard","meta":[],"categories":[],"tags":[],"_links":{"self":[{"href":"https:\/\/www.lejournalduforkane.com\/index.php\/wp-json\/wp\/v2\/posts\/29080"}],"collection":[{"href":"https:\/\/www.lejournalduforkane.com\/index.php\/wp-json\/wp\/v2\/posts"}],"about":[{"href":"https:\/\/www.lejournalduforkane.com\/index.php\/wp-json\/wp\/v2\/types\/post"}],"author":[{"embeddable":true,"href":"https:\/\/www.lejournalduforkane.com\/index.php\/wp-json\/wp\/v2\/users\/2"}],"replies":[{"embeddable":true,"href":"https:\/\/www.lejournalduforkane.com\/index.php\/wp-json\/wp\/v2\/comments?post=29080"}],"version-history":[{"count":1,"href":"https:\/\/www.lejournalduforkane.com\/index.php\/wp-json\/wp\/v2\/posts\/29080\/revisions"}],"predecessor-version":[{"id":29082,"href":"https:\/\/www.lejournalduforkane.com\/index.php\/wp-json\/wp\/v2\/posts\/29080\/revisions\/29082"}],"wp:featuredmedia":[{"embeddable":true,"href":"https:\/\/www.lejournalduforkane.com\/index.php\/wp-json\/wp\/v2\/media\/29081"}],"wp:attachment":[{"href":"https:\/\/www.lejournalduforkane.com\/index.php\/wp-json\/wp\/v2\/media?parent=29080"}],"wp:term":[{"taxonomy":"category","embeddable":true,"href":"https:\/\/www.lejournalduforkane.com\/index.php\/wp-json\/wp\/v2\/categories?post=29080"},{"taxonomy":"post_tag","embeddable":true,"href":"https:\/\/www.lejournalduforkane.com\/index.php\/wp-json\/wp\/v2\/tags?post=29080"}],"curies":[{"name":"wp","href":"https:\/\/api.w.org\/{rel}","templated":true}]}}