
{"id":29086,"date":"2022-09-23T05:40:00","date_gmt":"2022-09-23T05:40:00","guid":{"rendered":"https:\/\/www.lejournalduforkane.com\/?p=29086"},"modified":"2022-09-26T05:43:02","modified_gmt":"2022-09-26T05:43:02","slug":"discours-du-president-iranien-devant-lassemblee-generale-de-lonu","status":"publish","type":"post","link":"https:\/\/www.lejournalduforkane.com\/index.php\/discours-du-president-iranien-devant-lassemblee-generale-de-lonu\/","title":{"rendered":"Discours du pr\u00e9sident iranien devant l&rsquo;Assembl\u00e9e g\u00e9n\u00e9rale de l&rsquo;ONU"},"content":{"rendered":"\n<figure class=\"wp-block-embed is-type-video is-provider-youtube wp-block-embed-youtube wp-embed-aspect-16-9 wp-has-aspect-ratio\"><div class=\"wp-block-embed__wrapper\">\n<iframe loading=\"lazy\" title=\"REPLAY - Discours du pr\u00e9sident iranien devant l&#039;Assembl\u00e9e g\u00e9n\u00e9rale de l&#039;ONU \u2022 FRANCE 24\" width=\"500\" height=\"281\" src=\"https:\/\/www.youtube.com\/embed\/msAeD8eRmiQ?feature=oembed\" frameborder=\"0\" allow=\"accelerometer; autoplay; clipboard-write; encrypted-media; gyroscope; picture-in-picture\" allowfullscreen><\/iframe>\n<\/div><\/figure>\n","protected":false},"excerpt":{"rendered":"https:\/\/www.youtube.com\/watch?v=msAeD8eRmiQ","protected":false},"author":2,"featured_media":29087,"comment_status":"closed","ping_status":"open","sticky":false,"template":"","format":"standard","meta":[],"categories":[],"tags":[],"_links":{"self":[{"href":"https:\/\/www.lejournalduforkane.com\/index.php\/wp-json\/wp\/v2\/posts\/29086"}],"collection":[{"href":"https:\/\/www.lejournalduforkane.com\/index.php\/wp-json\/wp\/v2\/posts"}],"about":[{"href":"https:\/\/www.lejournalduforkane.com\/index.php\/wp-json\/wp\/v2\/types\/post"}],"author":[{"embeddable":true,"href":"https:\/\/www.lejournalduforkane.com\/index.php\/wp-json\/wp\/v2\/users\/2"}],"replies":[{"embeddable":true,"href":"https:\/\/www.lejournalduforkane.com\/index.php\/wp-json\/wp\/v2\/comments?post=29086"}],"version-history":[{"count":1,"href":"https:\/\/www.lejournalduforkane.com\/index.php\/wp-json\/wp\/v2\/posts\/29086\/revisions"}],"predecessor-version":[{"id":29088,"href":"https:\/\/www.lejournalduforkane.com\/index.php\/wp-json\/wp\/v2\/posts\/29086\/revisions\/29088"}],"wp:featuredmedia":[{"embeddable":true,"href":"https:\/\/www.lejournalduforkane.com\/index.php\/wp-json\/wp\/v2\/media\/29087"}],"wp:attachment":[{"href":"https:\/\/www.lejournalduforkane.com\/index.php\/wp-json\/wp\/v2\/media?parent=29086"}],"wp:term":[{"taxonomy":"category","embeddable":true,"href":"https:\/\/www.lejournalduforkane.com\/index.php\/wp-json\/wp\/v2\/categories?post=29086"},{"taxonomy":"post_tag","embeddable":true,"href":"https:\/\/www.lejournalduforkane.com\/index.php\/wp-json\/wp\/v2\/tags?post=29086"}],"curies":[{"name":"wp","href":"https:\/\/api.w.org\/{rel}","templated":true}]}}