
{"id":29106,"date":"2022-09-29T17:15:00","date_gmt":"2022-09-29T17:15:00","guid":{"rendered":"https:\/\/www.lejournalduforkane.com\/?p=29106"},"modified":"2022-10-05T17:17:32","modified_gmt":"2022-10-05T17:17:32","slug":"soldat-israelien-hurlant-et-pleurant-apres-etre-tombe-sur-un-cactus-alors-quil-poursuivait-un-jeune-palestinientrop-courageux-ces-soldats","status":"publish","type":"post","link":"https:\/\/www.lejournalduforkane.com\/index.php\/soldat-israelien-hurlant-et-pleurant-apres-etre-tombe-sur-un-cactus-alors-quil-poursuivait-un-jeune-palestinientrop-courageux-ces-soldats\/","title":{"rendered":"Soldat isra\u00e9lien hurlant et pleurant apr\u00e8s \u00eatre tomb\u00e9 sur un cactus alors qu&rsquo;il poursuivait un jeune palestinien\u2026Trop courageux ces soldats&#8230;"},"content":{"rendered":"\n<iframe loading=\"lazy\" src=\"https:\/\/www.facebook.com\/plugins\/video.php?height=476&#038;href=https%3A%2F%2Fwww.facebook.com%2Fle.journal.du.forqane%2Fvideos%2F778423153387424%2F&#038;show_text=false&#038;width=270&#038;t=0\" width=\"270\" height=\"476\" style=\"border:none;overflow:hidden\" scrolling=\"no\" frameborder=\"0\" allowfullscreen=\"true\" allow=\"autoplay; clipboard-write; encrypted-media; picture-in-picture; web-share\" allowFullScreen=\"true\"><\/iframe>\n","protected":false},"excerpt":{"rendered":"","protected":false},"author":2,"featured_media":29107,"comment_status":"closed","ping_status":"open","sticky":false,"template":"","format":"standard","meta":[],"categories":[],"tags":[],"_links":{"self":[{"href":"https:\/\/www.lejournalduforkane.com\/index.php\/wp-json\/wp\/v2\/posts\/29106"}],"collection":[{"href":"https:\/\/www.lejournalduforkane.com\/index.php\/wp-json\/wp\/v2\/posts"}],"about":[{"href":"https:\/\/www.lejournalduforkane.com\/index.php\/wp-json\/wp\/v2\/types\/post"}],"author":[{"embeddable":true,"href":"https:\/\/www.lejournalduforkane.com\/index.php\/wp-json\/wp\/v2\/users\/2"}],"replies":[{"embeddable":true,"href":"https:\/\/www.lejournalduforkane.com\/index.php\/wp-json\/wp\/v2\/comments?post=29106"}],"version-history":[{"count":1,"href":"https:\/\/www.lejournalduforkane.com\/index.php\/wp-json\/wp\/v2\/posts\/29106\/revisions"}],"predecessor-version":[{"id":29108,"href":"https:\/\/www.lejournalduforkane.com\/index.php\/wp-json\/wp\/v2\/posts\/29106\/revisions\/29108"}],"wp:featuredmedia":[{"embeddable":true,"href":"https:\/\/www.lejournalduforkane.com\/index.php\/wp-json\/wp\/v2\/media\/29107"}],"wp:attachment":[{"href":"https:\/\/www.lejournalduforkane.com\/index.php\/wp-json\/wp\/v2\/media?parent=29106"}],"wp:term":[{"taxonomy":"category","embeddable":true,"href":"https:\/\/www.lejournalduforkane.com\/index.php\/wp-json\/wp\/v2\/categories?post=29106"},{"taxonomy":"post_tag","embeddable":true,"href":"https:\/\/www.lejournalduforkane.com\/index.php\/wp-json\/wp\/v2\/tags?post=29106"}],"curies":[{"name":"wp","href":"https:\/\/api.w.org\/{rel}","templated":true}]}}