
{"id":29121,"date":"2022-10-04T17:25:00","date_gmt":"2022-10-04T17:25:00","guid":{"rendered":"https:\/\/www.lejournalduforkane.com\/?p=29121"},"modified":"2022-10-05T17:27:40","modified_gmt":"2022-10-05T17:27:40","slug":"les-colons-israeliens-organisent-un-festival-de-musique-a-linterieur-de-la-mosquee-ibrahimi-a-al-khalil-occupee-hebron-en-violation-flagrante-du-caractere-sacre-de-la-mosquee","status":"publish","type":"post","link":"https:\/\/www.lejournalduforkane.com\/index.php\/les-colons-israeliens-organisent-un-festival-de-musique-a-linterieur-de-la-mosquee-ibrahimi-a-al-khalil-occupee-hebron-en-violation-flagrante-du-caractere-sacre-de-la-mosquee\/","title":{"rendered":"Les colons isra\u00e9liens organisent un festival de musique \u00e0 l&rsquo;int\u00e9rieur de la mosqu\u00e9e Ibrahimi \u00e0 Al-Khalil occup\u00e9e (H\u00e9bron), en violation flagrante du caract\u00e8re sacr\u00e9 de la mosqu\u00e9e."},"content":{"rendered":"\n\n\n<iframe loading=\"lazy\" src=\"https:\/\/www.facebook.com\/plugins\/video.php?height=476&#038;href=https%3A%2F%2Fwww.facebook.com%2Fle.journal.du.forqane%2Fvideos%2F3219057801689649%2F&#038;show_text=false&#038;width=317&#038;t=0\" width=\"317\" height=\"476\" style=\"border:none;overflow:hidden\" scrolling=\"no\" frameborder=\"0\" allowfullscreen=\"true\" allow=\"autoplay; clipboard-write; encrypted-media; picture-in-picture; web-share\" allowFullScreen=\"true\"><\/iframe>\n","protected":false},"excerpt":{"rendered":"","protected":false},"author":2,"featured_media":29122,"comment_status":"closed","ping_status":"open","sticky":false,"template":"","format":"standard","meta":[],"categories":[],"tags":[],"_links":{"self":[{"href":"https:\/\/www.lejournalduforkane.com\/index.php\/wp-json\/wp\/v2\/posts\/29121"}],"collection":[{"href":"https:\/\/www.lejournalduforkane.com\/index.php\/wp-json\/wp\/v2\/posts"}],"about":[{"href":"https:\/\/www.lejournalduforkane.com\/index.php\/wp-json\/wp\/v2\/types\/post"}],"author":[{"embeddable":true,"href":"https:\/\/www.lejournalduforkane.com\/index.php\/wp-json\/wp\/v2\/users\/2"}],"replies":[{"embeddable":true,"href":"https:\/\/www.lejournalduforkane.com\/index.php\/wp-json\/wp\/v2\/comments?post=29121"}],"version-history":[{"count":1,"href":"https:\/\/www.lejournalduforkane.com\/index.php\/wp-json\/wp\/v2\/posts\/29121\/revisions"}],"predecessor-version":[{"id":29123,"href":"https:\/\/www.lejournalduforkane.com\/index.php\/wp-json\/wp\/v2\/posts\/29121\/revisions\/29123"}],"wp:featuredmedia":[{"embeddable":true,"href":"https:\/\/www.lejournalduforkane.com\/index.php\/wp-json\/wp\/v2\/media\/29122"}],"wp:attachment":[{"href":"https:\/\/www.lejournalduforkane.com\/index.php\/wp-json\/wp\/v2\/media?parent=29121"}],"wp:term":[{"taxonomy":"category","embeddable":true,"href":"https:\/\/www.lejournalduforkane.com\/index.php\/wp-json\/wp\/v2\/categories?post=29121"},{"taxonomy":"post_tag","embeddable":true,"href":"https:\/\/www.lejournalduforkane.com\/index.php\/wp-json\/wp\/v2\/tags?post=29121"}],"curies":[{"name":"wp","href":"https:\/\/api.w.org\/{rel}","templated":true}]}}