
{"id":29163,"date":"2022-10-22T14:39:00","date_gmt":"2022-10-22T14:39:00","guid":{"rendered":"https:\/\/www.lejournalduforkane.com\/?p=29163"},"modified":"2022-10-23T14:41:03","modified_gmt":"2022-10-23T14:41:03","slug":"le-nouveau-messie-des-juifs-est-arrive-et-a-obtenu-lallegeance-des-grands-rabbins-il-sappelle-rav-schlomo-yehuda","status":"publish","type":"post","link":"https:\/\/www.lejournalduforkane.com\/index.php\/le-nouveau-messie-des-juifs-est-arrive-et-a-obtenu-lallegeance-des-grands-rabbins-il-sappelle-rav-schlomo-yehuda\/","title":{"rendered":"le nouveau messie des juifs est arriv\u00e9 et \u00e0 obtenu l&rsquo;all\u00e9geance des grands rabbins.Il s&rsquo;appelle rav schlomo yehuda"},"content":{"rendered":"\n<figure class=\"wp-block-embed is-type-video is-provider-youtube wp-block-embed-youtube wp-embed-aspect-16-9 wp-has-aspect-ratio\"><div class=\"wp-block-embed__wrapper\">\n<iframe loading=\"lazy\" title=\"Rav Shlomo Yehuda Beeri messi juif\" width=\"500\" height=\"281\" src=\"https:\/\/www.youtube.com\/embed\/F-llT8NfaHs?feature=oembed\" frameborder=\"0\" allow=\"accelerometer; autoplay; clipboard-write; encrypted-media; gyroscope; picture-in-picture\" allowfullscreen><\/iframe>\n<\/div><\/figure>\n","protected":false},"excerpt":{"rendered":"https:\/\/www.youtube.com\/watch?v=F-llT8NfaHs","protected":false},"author":2,"featured_media":29164,"comment_status":"closed","ping_status":"open","sticky":false,"template":"","format":"standard","meta":[],"categories":[],"tags":[],"_links":{"self":[{"href":"https:\/\/www.lejournalduforkane.com\/index.php\/wp-json\/wp\/v2\/posts\/29163"}],"collection":[{"href":"https:\/\/www.lejournalduforkane.com\/index.php\/wp-json\/wp\/v2\/posts"}],"about":[{"href":"https:\/\/www.lejournalduforkane.com\/index.php\/wp-json\/wp\/v2\/types\/post"}],"author":[{"embeddable":true,"href":"https:\/\/www.lejournalduforkane.com\/index.php\/wp-json\/wp\/v2\/users\/2"}],"replies":[{"embeddable":true,"href":"https:\/\/www.lejournalduforkane.com\/index.php\/wp-json\/wp\/v2\/comments?post=29163"}],"version-history":[{"count":1,"href":"https:\/\/www.lejournalduforkane.com\/index.php\/wp-json\/wp\/v2\/posts\/29163\/revisions"}],"predecessor-version":[{"id":29165,"href":"https:\/\/www.lejournalduforkane.com\/index.php\/wp-json\/wp\/v2\/posts\/29163\/revisions\/29165"}],"wp:featuredmedia":[{"embeddable":true,"href":"https:\/\/www.lejournalduforkane.com\/index.php\/wp-json\/wp\/v2\/media\/29164"}],"wp:attachment":[{"href":"https:\/\/www.lejournalduforkane.com\/index.php\/wp-json\/wp\/v2\/media?parent=29163"}],"wp:term":[{"taxonomy":"category","embeddable":true,"href":"https:\/\/www.lejournalduforkane.com\/index.php\/wp-json\/wp\/v2\/categories?post=29163"},{"taxonomy":"post_tag","embeddable":true,"href":"https:\/\/www.lejournalduforkane.com\/index.php\/wp-json\/wp\/v2\/tags?post=29163"}],"curies":[{"name":"wp","href":"https:\/\/api.w.org\/{rel}","templated":true}]}}