
{"id":29196,"date":"2022-11-01T18:24:00","date_gmt":"2022-11-01T18:24:00","guid":{"rendered":"https:\/\/www.lejournalduforkane.com\/?p=29196"},"modified":"2022-11-02T18:28:03","modified_gmt":"2022-11-02T18:28:03","slug":"comment-les-medias-usent-de-methodes-contre-les-arabes","status":"publish","type":"post","link":"https:\/\/www.lejournalduforkane.com\/index.php\/comment-les-medias-usent-de-methodes-contre-les-arabes\/","title":{"rendered":"Comment les m\u00e9dias usent de m\u00e9thodes contre les arabes"},"content":{"rendered":"\n<blockquote class=\"tiktok-embed\" cite=\"https:\/\/www.tiktok.com\/@iboudjekada\/video\/7160459527119211781\" data-video-id=\"7160459527119211781\" style=\"max-width: 605px;min-width: 325px;\" > <section> <a target=\"_blank\" title=\"@iboudjekada\" href=\"https:\/\/www.tiktok.com\/@iboudjekada?refer=embed\" rel=\"noopener\">@iboudjekada<\/a> Ces images doivent faire le tour de TikTok ! <a title=\"clash\" target=\"_blank\" href=\"https:\/\/www.tiktok.com\/tag\/clash?refer=embed\" rel=\"noopener\">#clash<\/a> <a title=\"scandale\" target=\"_blank\" href=\"https:\/\/www.tiktok.com\/tag\/scandale?refer=embed\" rel=\"noopener\">#scandale<\/a> <a title=\"france\" target=\"_blank\" href=\"https:\/\/www.tiktok.com\/tag\/france?refer=embed\" rel=\"noopener\">#France<\/a> <a title=\"politique\" target=\"_blank\" href=\"https:\/\/www.tiktok.com\/tag\/politique?refer=embed\" rel=\"noopener\">#politique<\/a> <a title=\"\u00e9lu\" target=\"_blank\" href=\"https:\/\/www.tiktok.com\/tag\/%C3%A9lu?refer=embed\" rel=\"noopener\">#\u00e9lu<\/a> <a title=\"pourtoi\" target=\"_blank\" href=\"https:\/\/www.tiktok.com\/tag\/pourtoi?refer=embed\" rel=\"noopener\">#pourtoi<\/a> <a title=\"pourtoipage\" target=\"_blank\" href=\"https:\/\/www.tiktok.com\/tag\/pourtoipage?refer=embed\" rel=\"noopener\">#pourtoipage<\/a> <a title=\"islamophobie\" target=\"_blank\" href=\"https:\/\/www.tiktok.com\/tag\/islamophobie?refer=embed\" rel=\"noopener\">#islamophobie<\/a> <a title=\"m\u00e9dias\" target=\"_blank\" href=\"https:\/\/www.tiktok.com\/tag\/m%C3%A9dias?refer=embed\" rel=\"noopener\">#m\u00e9dias<\/a> <a title=\"d\u00e9sinformation\" target=\"_blank\" href=\"https:\/\/www.tiktok.com\/tag\/d%C3%A9sinformation?refer=embed\" rel=\"noopener\">#d\u00e9sinformation<\/a> <a title=\"fakenews\" target=\"_blank\" href=\"https:\/\/www.tiktok.com\/tag\/fakenews?refer=embed\" rel=\"noopener\">#fakenews<\/a> <a title=\"viral\" target=\"_blank\" href=\"https:\/\/www.tiktok.com\/tag\/viral?refer=embed\" rel=\"noopener\">#viral<\/a> <a title=\"apartager\" target=\"_blank\" href=\"https:\/\/www.tiktok.com\/tag\/apartager?refer=embed\" rel=\"noopener\">#Apartager<\/a> <a target=\"_blank\" title=\"\u266c Epic, cinematic, motivated - Kirill Kharchenko\" href=\"https:\/\/www.tiktok.com\/music\/Epic-cinematic-motivated-6817442970778732545?refer=embed\" rel=\"noopener\">\u266c Epic, cinematic, motivated &#8211; Kirill Kharchenko<\/a> <\/section> <\/blockquote> <script async src=\"https:\/\/www.tiktok.com\/embed.js\"><\/script>\n","protected":false},"excerpt":{"rendered":"<p>@iboudjekada Ces images doivent faire le tour de TikTok ! #clash #scandale #France #politique #\u00e9lu #pourtoi #pourtoipage #islamophobie #m\u00e9dias #d\u00e9sinformation #fakenews #viral #Apartager \u266c Epic, cinematic, motivated &#8211; Kirill Kharchenko<\/p>\n","protected":false},"author":2,"featured_media":29197,"comment_status":"closed","ping_status":"open","sticky":false,"template":"","format":"standard","meta":[],"categories":[],"tags":[],"_links":{"self":[{"href":"https:\/\/www.lejournalduforkane.com\/index.php\/wp-json\/wp\/v2\/posts\/29196"}],"collection":[{"href":"https:\/\/www.lejournalduforkane.com\/index.php\/wp-json\/wp\/v2\/posts"}],"about":[{"href":"https:\/\/www.lejournalduforkane.com\/index.php\/wp-json\/wp\/v2\/types\/post"}],"author":[{"embeddable":true,"href":"https:\/\/www.lejournalduforkane.com\/index.php\/wp-json\/wp\/v2\/users\/2"}],"replies":[{"embeddable":true,"href":"https:\/\/www.lejournalduforkane.com\/index.php\/wp-json\/wp\/v2\/comments?post=29196"}],"version-history":[{"count":1,"href":"https:\/\/www.lejournalduforkane.com\/index.php\/wp-json\/wp\/v2\/posts\/29196\/revisions"}],"predecessor-version":[{"id":29198,"href":"https:\/\/www.lejournalduforkane.com\/index.php\/wp-json\/wp\/v2\/posts\/29196\/revisions\/29198"}],"wp:featuredmedia":[{"embeddable":true,"href":"https:\/\/www.lejournalduforkane.com\/index.php\/wp-json\/wp\/v2\/media\/29197"}],"wp:attachment":[{"href":"https:\/\/www.lejournalduforkane.com\/index.php\/wp-json\/wp\/v2\/media?parent=29196"}],"wp:term":[{"taxonomy":"category","embeddable":true,"href":"https:\/\/www.lejournalduforkane.com\/index.php\/wp-json\/wp\/v2\/categories?post=29196"},{"taxonomy":"post_tag","embeddable":true,"href":"https:\/\/www.lejournalduforkane.com\/index.php\/wp-json\/wp\/v2\/tags?post=29196"}],"curies":[{"name":"wp","href":"https:\/\/api.w.org\/{rel}","templated":true}]}}