
{"id":29227,"date":"2022-11-13T18:15:00","date_gmt":"2022-11-13T18:15:00","guid":{"rendered":"https:\/\/www.lejournalduforkane.com\/?p=29227"},"modified":"2022-11-16T18:18:17","modified_gmt":"2022-11-16T18:18:17","slug":"qatif-arabie-saoudite-des-milliers-de-personnes-sont-descendues-dans-la-rue-et-ont-scande-mort-aux-saoud-apres-lexecution-de-8-adolescents","status":"publish","type":"post","link":"https:\/\/www.lejournalduforkane.com\/index.php\/qatif-arabie-saoudite-des-milliers-de-personnes-sont-descendues-dans-la-rue-et-ont-scande-mort-aux-saoud-apres-lexecution-de-8-adolescents\/","title":{"rendered":"Qatif, Arabie saoudite : des milliers de personnes sont descendues dans la rue et ont scand\u00e9 \u00ab\u00a0Mort\u00a0aux Saoud\u00a0\u00bb apr\u00e8s l&rsquo;ex\u00e9cution de 8 adolescents"},"content":{"rendered":"\n<iframe loading=\"lazy\" src=\"https:\/\/www.facebook.com\/plugins\/video.php?height=298&#038;href=https%3A%2F%2Fwww.facebook.com%2Fle.journal.du.forqane%2Fvideos%2F621672266371267%2F&#038;show_text=false&#038;width=560&#038;t=0\" width=\"560\" height=\"298\" style=\"border:none;overflow:hidden\" scrolling=\"no\" frameborder=\"0\" allowfullscreen=\"true\" allow=\"autoplay; clipboard-write; encrypted-media; picture-in-picture; web-share\" allowFullScreen=\"true\"><\/iframe>\n\n\n<div class=\"xdj266r x11i5rnm xat24cr x1mh8g0r x1vvkbs\">\n<div dir=\"auto\">Qatif, Arabie saoudite : des milliers de personnes sont descendues dans la rue et ont scand\u00e9 \u00ab\u00a0Mort\u00a0aux Saoud\u00a0\u00bb apr\u00e8s l&rsquo;ex\u00e9cution de 8 adolescents.<\/div>\n<\/div>\n<div class=\"x11i5rnm xat24cr x1mh8g0r x1vvkbs xtlvy1s\">\n<div dir=\"auto\">Leur crime : \u00eatre chiites et avoir particip\u00e9 \u00e0 des manifestations pacifiques.<\/div>\n<\/div>","protected":false},"excerpt":{"rendered":"<p>Qatif, Arabie saoudite : des milliers de personnes sont descendues dans la rue et ont scand\u00e9 \u00ab\u00a0Mort\u00a0aux Saoud\u00a0\u00bb apr\u00e8s l&rsquo;ex\u00e9cution de 8 adolescents. Leur crime : \u00eatre chiites et avoir<\/p>\n","protected":false},"author":2,"featured_media":29228,"comment_status":"closed","ping_status":"open","sticky":false,"template":"","format":"standard","meta":[],"categories":[],"tags":[],"_links":{"self":[{"href":"https:\/\/www.lejournalduforkane.com\/index.php\/wp-json\/wp\/v2\/posts\/29227"}],"collection":[{"href":"https:\/\/www.lejournalduforkane.com\/index.php\/wp-json\/wp\/v2\/posts"}],"about":[{"href":"https:\/\/www.lejournalduforkane.com\/index.php\/wp-json\/wp\/v2\/types\/post"}],"author":[{"embeddable":true,"href":"https:\/\/www.lejournalduforkane.com\/index.php\/wp-json\/wp\/v2\/users\/2"}],"replies":[{"embeddable":true,"href":"https:\/\/www.lejournalduforkane.com\/index.php\/wp-json\/wp\/v2\/comments?post=29227"}],"version-history":[{"count":1,"href":"https:\/\/www.lejournalduforkane.com\/index.php\/wp-json\/wp\/v2\/posts\/29227\/revisions"}],"predecessor-version":[{"id":29229,"href":"https:\/\/www.lejournalduforkane.com\/index.php\/wp-json\/wp\/v2\/posts\/29227\/revisions\/29229"}],"wp:featuredmedia":[{"embeddable":true,"href":"https:\/\/www.lejournalduforkane.com\/index.php\/wp-json\/wp\/v2\/media\/29228"}],"wp:attachment":[{"href":"https:\/\/www.lejournalduforkane.com\/index.php\/wp-json\/wp\/v2\/media?parent=29227"}],"wp:term":[{"taxonomy":"category","embeddable":true,"href":"https:\/\/www.lejournalduforkane.com\/index.php\/wp-json\/wp\/v2\/categories?post=29227"},{"taxonomy":"post_tag","embeddable":true,"href":"https:\/\/www.lejournalduforkane.com\/index.php\/wp-json\/wp\/v2\/tags?post=29227"}],"curies":[{"name":"wp","href":"https:\/\/api.w.org\/{rel}","templated":true}]}}