
{"id":29240,"date":"2022-11-19T18:08:00","date_gmt":"2022-11-19T18:08:00","guid":{"rendered":"https:\/\/www.lejournalduforkane.com\/?p=29240"},"modified":"2022-11-23T18:12:32","modified_gmt":"2022-11-23T18:12:32","slug":"la-propagande-occidentale-na-aucune-reponse-a-la-raison-pour-laquelle-ces-iraniens-sont-si-heureux-de-voir-la-police-anti-emeute","status":"publish","type":"post","link":"https:\/\/www.lejournalduforkane.com\/index.php\/la-propagande-occidentale-na-aucune-reponse-a-la-raison-pour-laquelle-ces-iraniens-sont-si-heureux-de-voir-la-police-anti-emeute\/","title":{"rendered":"La propagande occidentale n&rsquo;a aucune r\u00e9ponse \u00e0 la raison pour laquelle ces Iraniens sont si heureux\u00a0de voir la police anti-\u00e9meute !"},"content":{"rendered":"<div class=\"x11i5rnm xat24cr x1mh8g0r x1vvkbs xdj266r\">\n<div dir=\"auto\">La propagande occidentale n&rsquo;a aucune r\u00e9ponse \u00e0 la raison pour laquelle ces Iraniens sont si heureux\u00a0de voir la police anti-\u00e9meute !<\/div>\n<\/div>\n<div class=\"x11i5rnm xat24cr x1mh8g0r x1vvkbs xtlvy1s\">\n<div dir=\"auto\">La r\u00e9ponse ?!<\/div>\n<\/div>\n<div class=\"x11i5rnm xat24cr x1mh8g0r x1vvkbs xtlvy1s\">\n<div dir=\"auto\">Parce que des terroristes tuent des gens, et les voir confront\u00e9s donne un sentiment de s\u00e9curit\u00e9 !<\/div>\n<\/div>\n\n\n<iframe loading=\"lazy\" src=\"https:\/\/www.facebook.com\/plugins\/video.php?height=476&#038;href=https%3A%2F%2Fwww.facebook.com%2Fle.journal.du.forqane%2Fvideos%2F2036046729923435%2F&#038;show_text=false&#038;width=386&#038;t=0\" width=\"386\" height=\"476\" style=\"border:none;overflow:hidden\" scrolling=\"no\" frameborder=\"0\" allowfullscreen=\"true\" allow=\"autoplay; clipboard-write; encrypted-media; picture-in-picture; web-share\" allowFullScreen=\"true\"><\/iframe>\n","protected":false},"excerpt":{"rendered":"<p>La propagande occidentale n&rsquo;a aucune r\u00e9ponse \u00e0 la raison pour laquelle ces Iraniens sont si heureux\u00a0de voir la police anti-\u00e9meute ! La r\u00e9ponse ?! Parce que des terroristes tuent des<\/p>\n","protected":false},"author":2,"featured_media":29241,"comment_status":"closed","ping_status":"open","sticky":false,"template":"","format":"standard","meta":[],"categories":[],"tags":[],"_links":{"self":[{"href":"https:\/\/www.lejournalduforkane.com\/index.php\/wp-json\/wp\/v2\/posts\/29240"}],"collection":[{"href":"https:\/\/www.lejournalduforkane.com\/index.php\/wp-json\/wp\/v2\/posts"}],"about":[{"href":"https:\/\/www.lejournalduforkane.com\/index.php\/wp-json\/wp\/v2\/types\/post"}],"author":[{"embeddable":true,"href":"https:\/\/www.lejournalduforkane.com\/index.php\/wp-json\/wp\/v2\/users\/2"}],"replies":[{"embeddable":true,"href":"https:\/\/www.lejournalduforkane.com\/index.php\/wp-json\/wp\/v2\/comments?post=29240"}],"version-history":[{"count":1,"href":"https:\/\/www.lejournalduforkane.com\/index.php\/wp-json\/wp\/v2\/posts\/29240\/revisions"}],"predecessor-version":[{"id":29242,"href":"https:\/\/www.lejournalduforkane.com\/index.php\/wp-json\/wp\/v2\/posts\/29240\/revisions\/29242"}],"wp:featuredmedia":[{"embeddable":true,"href":"https:\/\/www.lejournalduforkane.com\/index.php\/wp-json\/wp\/v2\/media\/29241"}],"wp:attachment":[{"href":"https:\/\/www.lejournalduforkane.com\/index.php\/wp-json\/wp\/v2\/media?parent=29240"}],"wp:term":[{"taxonomy":"category","embeddable":true,"href":"https:\/\/www.lejournalduforkane.com\/index.php\/wp-json\/wp\/v2\/categories?post=29240"},{"taxonomy":"post_tag","embeddable":true,"href":"https:\/\/www.lejournalduforkane.com\/index.php\/wp-json\/wp\/v2\/tags?post=29240"}],"curies":[{"name":"wp","href":"https:\/\/api.w.org\/{rel}","templated":true}]}}