
{"id":29257,"date":"2022-11-26T18:22:00","date_gmt":"2022-11-26T18:22:00","guid":{"rendered":"https:\/\/www.lejournalduforkane.com\/?p=29257"},"modified":"2022-11-30T18:25:50","modified_gmt":"2022-11-30T18:25:50","slug":"un-journaliste-israelien-bien-connu-pris-de-panique-lorsquil-a-ete-confronte-a-des-supporters-de-liran-avec-la-peur-sur-son-visage-il-ment-et-dit-quil-est-allemand","status":"publish","type":"post","link":"https:\/\/www.lejournalduforkane.com\/index.php\/un-journaliste-israelien-bien-connu-pris-de-panique-lorsquil-a-ete-confronte-a-des-supporters-de-liran-avec-la-peur-sur-son-visage-il-ment-et-dit-quil-est-allemand\/","title":{"rendered":"Un journaliste isra\u00e9lien bien connu pris de panique lorsqu&rsquo;il a \u00e9t\u00e9 confront\u00e9 \u00e0 des supporters de l&rsquo;Iran. Avec la peur sur son visage, il ment et dit qu&rsquo;il est allemand."},"content":{"rendered":"\n<iframe loading=\"lazy\" src=\"https:\/\/www.facebook.com\/plugins\/video.php?height=476&#038;href=https%3A%2F%2Fwww.facebook.com%2Fle.journal.du.forqane%2Fvideos%2F5600083013402022%2F&#038;show_text=false&#038;width=278&#038;t=0\" width=\"278\" height=\"476\" style=\"border:none;overflow:hidden\" scrolling=\"no\" frameborder=\"0\" allowfullscreen=\"true\" allow=\"autoplay; clipboard-write; encrypted-media; picture-in-picture; web-share\" allowFullScreen=\"true\"><\/iframe>\n","protected":false},"excerpt":{"rendered":"","protected":false},"author":2,"featured_media":29258,"comment_status":"closed","ping_status":"open","sticky":false,"template":"","format":"standard","meta":[],"categories":[],"tags":[],"_links":{"self":[{"href":"https:\/\/www.lejournalduforkane.com\/index.php\/wp-json\/wp\/v2\/posts\/29257"}],"collection":[{"href":"https:\/\/www.lejournalduforkane.com\/index.php\/wp-json\/wp\/v2\/posts"}],"about":[{"href":"https:\/\/www.lejournalduforkane.com\/index.php\/wp-json\/wp\/v2\/types\/post"}],"author":[{"embeddable":true,"href":"https:\/\/www.lejournalduforkane.com\/index.php\/wp-json\/wp\/v2\/users\/2"}],"replies":[{"embeddable":true,"href":"https:\/\/www.lejournalduforkane.com\/index.php\/wp-json\/wp\/v2\/comments?post=29257"}],"version-history":[{"count":1,"href":"https:\/\/www.lejournalduforkane.com\/index.php\/wp-json\/wp\/v2\/posts\/29257\/revisions"}],"predecessor-version":[{"id":29259,"href":"https:\/\/www.lejournalduforkane.com\/index.php\/wp-json\/wp\/v2\/posts\/29257\/revisions\/29259"}],"wp:featuredmedia":[{"embeddable":true,"href":"https:\/\/www.lejournalduforkane.com\/index.php\/wp-json\/wp\/v2\/media\/29258"}],"wp:attachment":[{"href":"https:\/\/www.lejournalduforkane.com\/index.php\/wp-json\/wp\/v2\/media?parent=29257"}],"wp:term":[{"taxonomy":"category","embeddable":true,"href":"https:\/\/www.lejournalduforkane.com\/index.php\/wp-json\/wp\/v2\/categories?post=29257"},{"taxonomy":"post_tag","embeddable":true,"href":"https:\/\/www.lejournalduforkane.com\/index.php\/wp-json\/wp\/v2\/tags?post=29257"}],"curies":[{"name":"wp","href":"https:\/\/api.w.org\/{rel}","templated":true}]}}