
{"id":29267,"date":"2022-11-24T18:31:00","date_gmt":"2022-11-24T18:31:00","guid":{"rendered":"https:\/\/www.lejournalduforkane.com\/?p=29267"},"modified":"2022-11-30T18:33:03","modified_gmt":"2022-11-30T18:33:03","slug":"aujourdhui-israel-a-demoli-une-ecole-primaire-a-masafer-yatta-qui-comptait-23-eleves-et-trois-enseignants","status":"publish","type":"post","link":"https:\/\/www.lejournalduforkane.com\/index.php\/aujourdhui-israel-a-demoli-une-ecole-primaire-a-masafer-yatta-qui-comptait-23-eleves-et-trois-enseignants\/","title":{"rendered":"Aujourd&rsquo;hui, Isra\u00ebl a d\u00e9moli une \u00e9cole primaire \u00e0 Masafer Yatta qui comptait 23 \u00e9l\u00e8ves et trois enseignants."},"content":{"rendered":"<div class=\"x11i5rnm xat24cr x1mh8g0r x1vvkbs xdj266r x126k92a\">\n<div dir=\"auto\">Aujourd&rsquo;hui, Isra\u00ebl a d\u00e9moli une \u00e9cole primaire \u00e0 Masafer Yatta qui comptait 23 \u00e9l\u00e8ves et trois enseignants.<\/div>\n<\/div>\n<div class=\"x11i5rnm xat24cr x1mh8g0r x1vvkbs xtlvy1s x126k92a\">\n<div dir=\"auto\">Cela fait partie d&rsquo;un effort de l&rsquo;occupant pour chasser les Palestiniens de la r\u00e9gion en leur rendant la vie insupportable.<\/div>\n<\/div>\n<div class=\"x11i5rnm xat24cr x1mh8g0r x1vvkbs xtlvy1s x126k92a\">\n<div dir=\"auto\">Expulser des habitants est un crime de guerre<\/div>\n<\/div>\n\n\n<iframe loading=\"lazy\" src=\"https:\/\/www.facebook.com\/plugins\/video.php?height=314&#038;href=https%3A%2F%2Fwww.facebook.com%2Fle.journal.du.forqane%2Fvideos%2F1209838302965308%2F&#038;show_text=false&#038;width=560&#038;t=0\" width=\"560\" height=\"314\" style=\"border:none;overflow:hidden\" scrolling=\"no\" frameborder=\"0\" allowfullscreen=\"true\" allow=\"autoplay; clipboard-write; encrypted-media; picture-in-picture; web-share\" allowFullScreen=\"true\"><\/iframe>\n","protected":false},"excerpt":{"rendered":"<p>Aujourd&rsquo;hui, Isra\u00ebl a d\u00e9moli une \u00e9cole primaire \u00e0 Masafer Yatta qui comptait 23 \u00e9l\u00e8ves et trois enseignants. Cela fait partie d&rsquo;un effort de l&rsquo;occupant pour chasser les Palestiniens de la<\/p>\n","protected":false},"author":2,"featured_media":29268,"comment_status":"closed","ping_status":"open","sticky":false,"template":"","format":"standard","meta":[],"categories":[],"tags":[],"_links":{"self":[{"href":"https:\/\/www.lejournalduforkane.com\/index.php\/wp-json\/wp\/v2\/posts\/29267"}],"collection":[{"href":"https:\/\/www.lejournalduforkane.com\/index.php\/wp-json\/wp\/v2\/posts"}],"about":[{"href":"https:\/\/www.lejournalduforkane.com\/index.php\/wp-json\/wp\/v2\/types\/post"}],"author":[{"embeddable":true,"href":"https:\/\/www.lejournalduforkane.com\/index.php\/wp-json\/wp\/v2\/users\/2"}],"replies":[{"embeddable":true,"href":"https:\/\/www.lejournalduforkane.com\/index.php\/wp-json\/wp\/v2\/comments?post=29267"}],"version-history":[{"count":1,"href":"https:\/\/www.lejournalduforkane.com\/index.php\/wp-json\/wp\/v2\/posts\/29267\/revisions"}],"predecessor-version":[{"id":29269,"href":"https:\/\/www.lejournalduforkane.com\/index.php\/wp-json\/wp\/v2\/posts\/29267\/revisions\/29269"}],"wp:featuredmedia":[{"embeddable":true,"href":"https:\/\/www.lejournalduforkane.com\/index.php\/wp-json\/wp\/v2\/media\/29268"}],"wp:attachment":[{"href":"https:\/\/www.lejournalduforkane.com\/index.php\/wp-json\/wp\/v2\/media?parent=29267"}],"wp:term":[{"taxonomy":"category","embeddable":true,"href":"https:\/\/www.lejournalduforkane.com\/index.php\/wp-json\/wp\/v2\/categories?post=29267"},{"taxonomy":"post_tag","embeddable":true,"href":"https:\/\/www.lejournalduforkane.com\/index.php\/wp-json\/wp\/v2\/tags?post=29267"}],"curies":[{"name":"wp","href":"https:\/\/api.w.org\/{rel}","templated":true}]}}