
{"id":29272,"date":"2022-12-14T18:04:22","date_gmt":"2022-12-14T18:04:22","guid":{"rendered":"https:\/\/www.lejournalduforkane.com\/?p=29272"},"modified":"2022-12-14T18:04:30","modified_gmt":"2022-12-14T18:04:30","slug":"les-eau-et-israel-ratifient-un-accord-de-partenariat-economique-global","status":"publish","type":"post","link":"https:\/\/www.lejournalduforkane.com\/index.php\/les-eau-et-israel-ratifient-un-accord-de-partenariat-economique-global\/","title":{"rendered":"Les EAU et Isra\u00ebl ratifient un accord de partenariat \u00e9conomique global"},"content":{"rendered":"<div class=\"x11i5rnm xat24cr x1mh8g0r x1vvkbs xdj266r x126k92a\">\n<div dir=\"auto\">Les EAU et Isra\u00ebl ratifient un accord de partenariat \u00e9conomique global<\/div>\n<\/div>\n<div class=\"x11i5rnm xat24cr x1mh8g0r x1vvkbs xtlvy1s x126k92a\">\n<div dir=\"auto\">Les \u00c9mirats arabes unis et l&rsquo;occupation isra\u00e9lienne ratifient un accord qui supprimera ou r\u00e9duira les droits de douane sur 96 % des marchandises \u00e9chang\u00e9es entre les deux parties.<\/div>\n<\/div>\n<div class=\"x11i5rnm xat24cr x1mh8g0r x1vvkbs xtlvy1s x126k92a\">\n<div dir=\"auto\">Le ministre d&rsquo;\u00c9tat au Commerce ext\u00e9rieur des \u00c9mirats arabes unis, Thani Al Zeyoudi, a annonc\u00e9 dimanche que les gouvernements d&rsquo;occupation \u00e9mirati et isra\u00e9lien avaient ratifi\u00e9 leur accord de partenariat \u00e9conomique global.<\/div>\n<\/div>\n<div class=\"x11i5rnm xat24cr x1mh8g0r x1vvkbs xtlvy1s x126k92a\">\n<div dir=\"auto\">Sur Twitter, Al Zeyoudi a d\u00e9clar\u00e9 que le soi-disant accord de libre-\u00e9change, qui a \u00e9t\u00e9 sign\u00e9 pour la premi\u00e8re fois en mai, supprimera ou r\u00e9duira les droits de douane sur 96 % des marchandises \u00e9chang\u00e9es entre les deux parties.<\/div>\n<\/div>\n<div class=\"x11i5rnm xat24cr x1mh8g0r x1vvkbs xtlvy1s x126k92a\">\n<div dir=\"auto\">\u00ab\u00a0Le commerce non p\u00e9trolier entre les \u00c9mirats arabes unis et Isra\u00ebl a atteint 2 milliards de dollars au cours des neuf premiers mois de 2022, en hausse de 114 % par rapport \u00e0 la m\u00eame p\u00e9riode en 2021\u00a0\u00bb, a soulign\u00e9 le ministre \u00e9mirati, ajoutant que \u00ab\u00a0[l&rsquo;accord] acc\u00e9l\u00e9rera ces progr\u00e8s \u00e0 mesure que nous cr\u00e9ons des opportunit\u00e9s dans des secteurs cl\u00e9s tels que les technologies de pointe, les \u00e9nergies renouvelables et la s\u00e9curit\u00e9 alimentaire \u00bb.<\/div>\n<\/div>\n<div class=\"x11i5rnm xat24cr x1mh8g0r x1vvkbs xtlvy1s x126k92a\">\n<div dir=\"auto\">Il convient de noter qu&rsquo;en mai dernier, l&rsquo;ambassadeur d&rsquo;occupation isra\u00e9lien aux \u00c9mirats arabes unis, Amir Hayek, a annonc\u00e9 que les deux parties avaient sign\u00e9 un accord de libre-\u00e9change, dans le but de stimuler le commerce.<\/div>\n<\/div>\n<div class=\"x11i5rnm xat24cr x1mh8g0r x1vvkbs xtlvy1s x126k92a\">\n<div dir=\"auto\">Les m\u00e9dias isra\u00e9liens ont \u00e9voqu\u00e9 un accord visant \u00e0 \u00e9tablir une zone de libre-\u00e9change entre l&rsquo;occupation isra\u00e9lienne et les \u00c9mirats arabes unis. Les m\u00e9dias ont d\u00e9clar\u00e9 que l&rsquo;accord de libre-\u00e9change entre \u00ab\u00a0Isra\u00ebl\u00a0\u00bb et les EAU augmentera les exportations isra\u00e9liennes vers les EAU et accordera une exon\u00e9ration fiscale imm\u00e9diate ou progressive sur 96% des \u00e9changes entre les deux parties.<\/div>\n<\/div>\n<div class=\"x11i5rnm xat24cr x1mh8g0r x1vvkbs xtlvy1s x126k92a\">\n<div dir=\"auto\">Il convient de noter que les \u00c9mirats arabes unis ont \u00e9t\u00e9 le premier pays du Golfe et le troisi\u00e8me pays arabe \u00e0 signer un accord de normalisation des relations avec l&rsquo;occupation isra\u00e9lienne, suivis de Bahre\u00efn, du Soudan et du Maroc.<\/div>\n<\/div>\n<div class=\"x11i5rnm xat24cr x1mh8g0r x1vvkbs xtlvy1s x126k92a\">\n<div dir=\"auto\">Depuis la signature de l&rsquo;accord, les \u00c9mirats arabes unis et l&rsquo;occupation isra\u00e9lienne \u00e9changent depuis longtemps des visites et concluent un certain nombre d&rsquo;accords commerciaux et de s\u00e9curit\u00e9.<\/div>\n<\/div>\n<div class=\"x11i5rnm xat24cr x1mh8g0r x1vvkbs xtlvy1s x126k92a\">\n<div dir=\"auto\">Fin octobre, les m\u00e9dias isra\u00e9liens ont rapport\u00e9 que les \u00c9mirats arabes unis avaient d\u00e9ploy\u00e9 le syst\u00e8me anti-a\u00e9rien Barak de fabrication isra\u00e9lienne contre les missiles balistiques, les missiles de croisi\u00e8re et les drones iraniens.<\/div>\n<\/div>\n<div class=\"x11i5rnm xat24cr x1mh8g0r x1vvkbs xtlvy1s x126k92a\">\n<div dir=\"auto\">La batterie de missiles serait stationn\u00e9e au sud d&rsquo;Abu-Dhabi, pr\u00e8s de la base a\u00e9rienne d&rsquo;Al-Dhafra, selon les images satellites.<\/div>\n<\/div>\n","protected":false},"excerpt":{"rendered":"<p>Les EAU et Isra\u00ebl ratifient un accord de partenariat \u00e9conomique global Les \u00c9mirats arabes unis et l&rsquo;occupation isra\u00e9lienne ratifient un accord qui supprimera ou r\u00e9duira les droits de douane sur<\/p>\n","protected":false},"author":2,"featured_media":29273,"comment_status":"closed","ping_status":"open","sticky":false,"template":"","format":"standard","meta":[],"categories":[],"tags":[],"_links":{"self":[{"href":"https:\/\/www.lejournalduforkane.com\/index.php\/wp-json\/wp\/v2\/posts\/29272"}],"collection":[{"href":"https:\/\/www.lejournalduforkane.com\/index.php\/wp-json\/wp\/v2\/posts"}],"about":[{"href":"https:\/\/www.lejournalduforkane.com\/index.php\/wp-json\/wp\/v2\/types\/post"}],"author":[{"embeddable":true,"href":"https:\/\/www.lejournalduforkane.com\/index.php\/wp-json\/wp\/v2\/users\/2"}],"replies":[{"embeddable":true,"href":"https:\/\/www.lejournalduforkane.com\/index.php\/wp-json\/wp\/v2\/comments?post=29272"}],"version-history":[{"count":1,"href":"https:\/\/www.lejournalduforkane.com\/index.php\/wp-json\/wp\/v2\/posts\/29272\/revisions"}],"predecessor-version":[{"id":29274,"href":"https:\/\/www.lejournalduforkane.com\/index.php\/wp-json\/wp\/v2\/posts\/29272\/revisions\/29274"}],"wp:featuredmedia":[{"embeddable":true,"href":"https:\/\/www.lejournalduforkane.com\/index.php\/wp-json\/wp\/v2\/media\/29273"}],"wp:attachment":[{"href":"https:\/\/www.lejournalduforkane.com\/index.php\/wp-json\/wp\/v2\/media?parent=29272"}],"wp:term":[{"taxonomy":"category","embeddable":true,"href":"https:\/\/www.lejournalduforkane.com\/index.php\/wp-json\/wp\/v2\/categories?post=29272"},{"taxonomy":"post_tag","embeddable":true,"href":"https:\/\/www.lejournalduforkane.com\/index.php\/wp-json\/wp\/v2\/tags?post=29272"}],"curies":[{"name":"wp","href":"https:\/\/api.w.org\/{rel}","templated":true}]}}