
{"id":29278,"date":"2022-12-12T18:08:00","date_gmt":"2022-12-12T18:08:00","guid":{"rendered":"https:\/\/www.lejournalduforkane.com\/?p=29278"},"modified":"2022-12-14T18:09:32","modified_gmt":"2022-12-14T18:09:32","slug":"les-forces-israeliennes-attaquent-les-palestiniens-celebrant-la-victoire-historique-du-maroc","status":"publish","type":"post","link":"https:\/\/www.lejournalduforkane.com\/index.php\/les-forces-israeliennes-attaquent-les-palestiniens-celebrant-la-victoire-historique-du-maroc\/","title":{"rendered":"Les forces isra\u00e9liennes attaquent les Palestiniens c\u00e9l\u00e9brant la victoire historique du Maroc"},"content":{"rendered":"<div class=\"x11i5rnm xat24cr x1mh8g0r x1vvkbs xdj266r x126k92a\">\n<div dir=\"auto\">Les forces isra\u00e9liennes attaquent les Palestiniens c\u00e9l\u00e9brant la victoire historique du Maroc<\/div>\n<\/div>\n<div class=\"x11i5rnm xat24cr x1mh8g0r x1vvkbs xtlvy1s x126k92a\">\n<div dir=\"auto\">Les Palestiniens ont c\u00e9l\u00e9br\u00e9 la victoire de l&rsquo;\u00e9quipe nationale du Maroc et leur qualification pour les demi-finales malgr\u00e9 les attaques isra\u00e9liennes<\/div>\n<\/div>\n<div class=\"x11i5rnm xat24cr x1mh8g0r x1vvkbs xtlvy1s x126k92a\">\n<div dir=\"auto\">Les forces d&rsquo;occupation isra\u00e9liennes ont r\u00e9prim\u00e9 samedi les Palestiniens c\u00e9l\u00e9brant la victoire du Maroc sur le Portugal et se qualifiant pour les demi-finales de la Coupe du monde du Qatar dans la r\u00e9gion de Bab al-Amoud \u00e0 al-Qods occup\u00e9e.<\/div>\n<\/div>\n<div class=\"x11i5rnm xat24cr x1mh8g0r x1vvkbs xtlvy1s x126k92a\">\n<div dir=\"auto\">Les Palestiniens d&rsquo;al-Quds ont c\u00e9l\u00e9br\u00e9 la victoire de l&rsquo;\u00e9quipe nationale marocaine et ont hiss\u00e9 le drapeau marocain sur le mur d&rsquo;al-Quds \u00e0 Bab al-Amoud et dans plusieurs autres quartiers de la ville occup\u00e9e qui ont \u00e9t\u00e9 t\u00e9moins de d\u00e9fil\u00e9s de voitures et de c\u00e9l\u00e9brations.<\/div>\n<\/div>\n<div class=\"x11i5rnm xat24cr x1mh8g0r x1vvkbs xtlvy1s x126k92a\">\n<div dir=\"auto\">Les c\u00e9l\u00e9brations se sont \u00e9galement propag\u00e9es dans toute la bande de Gaza, se r\u00e9jouissant de la victoire historique de l&rsquo;\u00e9quipe nationale marocaine.<\/div>\n<\/div>\n<div class=\"x11i5rnm xat24cr x1mh8g0r x1vvkbs xtlvy1s x126k92a\">\n<div dir=\"auto\">Il y avait aussi des photos de combattants de la R\u00e9sistance palestinienne hissant les drapeaux du Maroc lors d&rsquo;u<\/div>\n<\/div>\n","protected":false},"excerpt":{"rendered":"<p>Les forces isra\u00e9liennes attaquent les Palestiniens c\u00e9l\u00e9brant la victoire historique du Maroc Les Palestiniens ont c\u00e9l\u00e9br\u00e9 la victoire de l&rsquo;\u00e9quipe nationale du Maroc et leur qualification pour les demi-finales malgr\u00e9<\/p>\n","protected":false},"author":2,"featured_media":29279,"comment_status":"closed","ping_status":"open","sticky":false,"template":"","format":"standard","meta":[],"categories":[],"tags":[],"_links":{"self":[{"href":"https:\/\/www.lejournalduforkane.com\/index.php\/wp-json\/wp\/v2\/posts\/29278"}],"collection":[{"href":"https:\/\/www.lejournalduforkane.com\/index.php\/wp-json\/wp\/v2\/posts"}],"about":[{"href":"https:\/\/www.lejournalduforkane.com\/index.php\/wp-json\/wp\/v2\/types\/post"}],"author":[{"embeddable":true,"href":"https:\/\/www.lejournalduforkane.com\/index.php\/wp-json\/wp\/v2\/users\/2"}],"replies":[{"embeddable":true,"href":"https:\/\/www.lejournalduforkane.com\/index.php\/wp-json\/wp\/v2\/comments?post=29278"}],"version-history":[{"count":1,"href":"https:\/\/www.lejournalduforkane.com\/index.php\/wp-json\/wp\/v2\/posts\/29278\/revisions"}],"predecessor-version":[{"id":29280,"href":"https:\/\/www.lejournalduforkane.com\/index.php\/wp-json\/wp\/v2\/posts\/29278\/revisions\/29280"}],"wp:featuredmedia":[{"embeddable":true,"href":"https:\/\/www.lejournalduforkane.com\/index.php\/wp-json\/wp\/v2\/media\/29279"}],"wp:attachment":[{"href":"https:\/\/www.lejournalduforkane.com\/index.php\/wp-json\/wp\/v2\/media?parent=29278"}],"wp:term":[{"taxonomy":"category","embeddable":true,"href":"https:\/\/www.lejournalduforkane.com\/index.php\/wp-json\/wp\/v2\/categories?post=29278"},{"taxonomy":"post_tag","embeddable":true,"href":"https:\/\/www.lejournalduforkane.com\/index.php\/wp-json\/wp\/v2\/tags?post=29278"}],"curies":[{"name":"wp","href":"https:\/\/api.w.org\/{rel}","templated":true}]}}