
{"id":29281,"date":"2022-12-04T18:09:00","date_gmt":"2022-12-04T18:09:00","guid":{"rendered":"https:\/\/www.lejournalduforkane.com\/?p=29281"},"modified":"2022-12-14T18:10:44","modified_gmt":"2022-12-14T18:10:44","slug":"le-chef-de-letat-islamique-tue-lors-dune-operation-de-larmee-syrienne","status":"publish","type":"post","link":"https:\/\/www.lejournalduforkane.com\/index.php\/le-chef-de-letat-islamique-tue-lors-dune-operation-de-larmee-syrienne\/","title":{"rendered":"Le chef de l&rsquo;Etat islamique tu\u00e9 lors d&rsquo;une op\u00e9ration de l&rsquo;arm\u00e9e syrienne"},"content":{"rendered":"<div class=\"x11i5rnm xat24cr x1mh8g0r x1vvkbs xdj266r x126k92a\">\n<div dir=\"auto\">Le chef de l&rsquo;Etat islamique tu\u00e9 lors d&rsquo;une op\u00e9ration de l&rsquo;arm\u00e9e syrienne<\/div>\n<\/div>\n<div class=\"x11i5rnm xat24cr x1mh8g0r x1vvkbs xtlvy1s x126k92a\">\n<div dir=\"auto\">Une source syrienne affirme qu&rsquo;avec le soutien de groupes locaux, les forces de s\u00e9curit\u00e9 syriennes ont \u00e9limin\u00e9 le chef de l&rsquo;Etat islamique Abu Al-Hasan Al-Hashemi Al-Qurashi et Abu Salem Al-Iraqi \u00e0 Deraa.<\/div>\n<\/div>\n<div class=\"x11i5rnm xat24cr x1mh8g0r x1vvkbs xtlvy1s x126k92a\">\n<div dir=\"auto\">L&rsquo;agence de presse syrienne SANA a rapport\u00e9 vendredi que le chef de l&rsquo;Etat islamique Abu Al-Hasan Al-Hashemi Al-Qurashi, dont la mort a \u00e9t\u00e9 annonc\u00e9e il y a quelques jours, est la m\u00eame personne qu&rsquo;Abd Al-Rahman Al-Iraqi, connu sous le nom de \u00ab\u00a0Saif Bagdad\u00a0\u00bb, qui \u00e9tait tu\u00e9 lors d&rsquo;une op\u00e9ration men\u00e9e par l&rsquo;arm\u00e9e syrienne dans la ville de Jasim le 15 octobre.<\/div>\n<\/div>\n<div class=\"x11i5rnm xat24cr x1mh8g0r x1vvkbs xtlvy1s x126k92a\">\n<div dir=\"auto\">Une source de s\u00e9curit\u00e9 \u00e0 Deraa a d\u00e9clar\u00e9 \u00e0 SANA qu&rsquo;Abu Al-Hasan Al-Hashemi Al-Qurashi, appel\u00e9 \u00ab\u00a0Saif Bagdad\u00a0\u00bb est le soi-disant \u00ab\u00a0Emir g\u00e9n\u00e9ral\u00a0\u00bb de l&rsquo;Etat islamique dans la r\u00e9gion sud et a \u00e9t\u00e9 tu\u00e9 avec l&rsquo;ensemble des militants de son groupe apr\u00e8s avoir cibl\u00e9 leur quartier g\u00e9n\u00e9ral dans le quartier nord de la ville de Jasim.<\/div>\n<\/div>\n<div class=\"x11i5rnm xat24cr x1mh8g0r x1vvkbs xtlvy1s x126k92a\">\n<div dir=\"auto\">Selon la source, Al-Qurashi, un ressortissant irakien, a dirig\u00e9 les op\u00e9rations de l&rsquo;Etat islamique, supervis\u00e9 son extension aux terres jordaniennes, irakiennes et syriennes, et \u00e9tait principalement responsable des assassinats dans la r\u00e9gion nord de Deraa.<\/div>\n<\/div>\n<div class=\"x11i5rnm xat24cr x1mh8g0r x1vvkbs xtlvy1s x126k92a\">\n<div dir=\"auto\">La source a ajout\u00e9 qu&rsquo;avec le soutien de groupes locaux, les forces de s\u00e9curit\u00e9 ont \u00e9limin\u00e9 plusieurs terroristes, dont Al-Qurashi et Abu Salem Al-Iraqi \u00e0 Deraa.<\/div>\n<\/div>\n<div class=\"x11i5rnm xat24cr x1mh8g0r x1vvkbs xtlvy1s x126k92a\">\n<div dir=\"auto\">Mercredi, le commandement central am\u00e9ricain a affirm\u00e9 que l&rsquo;op\u00e9ration qui a abouti \u00e0 la mort du chef de l&rsquo;Etat islamique a \u00e9t\u00e9 men\u00e9e par la soi-disant \u00ab Arm\u00e9e syrienne libre \u00bb.<\/div>\n<\/div>\n<div class=\"x11i5rnm xat24cr x1mh8g0r x1vvkbs xtlvy1s x126k92a\">\n<div dir=\"auto\">Entre-temps, le Centre russe pour la r\u00e9conciliation en Syrie a annonc\u00e9 le 16 octobre la mise en \u0153uvre d&rsquo;une op\u00e9ration conjointe entre les forces russes et syriennes, qui a abouti \u00e0 la mort de 20 terroristes de l&rsquo;EI \u00e0 Deraa.<\/div>\n<\/div>\n","protected":false},"excerpt":{"rendered":"<p>Le chef de l&rsquo;Etat islamique tu\u00e9 lors d&rsquo;une op\u00e9ration de l&rsquo;arm\u00e9e syrienne Une source syrienne affirme qu&rsquo;avec le soutien de groupes locaux, les forces de s\u00e9curit\u00e9 syriennes ont \u00e9limin\u00e9 le<\/p>\n","protected":false},"author":2,"featured_media":29282,"comment_status":"closed","ping_status":"open","sticky":false,"template":"","format":"standard","meta":[],"categories":[],"tags":[],"_links":{"self":[{"href":"https:\/\/www.lejournalduforkane.com\/index.php\/wp-json\/wp\/v2\/posts\/29281"}],"collection":[{"href":"https:\/\/www.lejournalduforkane.com\/index.php\/wp-json\/wp\/v2\/posts"}],"about":[{"href":"https:\/\/www.lejournalduforkane.com\/index.php\/wp-json\/wp\/v2\/types\/post"}],"author":[{"embeddable":true,"href":"https:\/\/www.lejournalduforkane.com\/index.php\/wp-json\/wp\/v2\/users\/2"}],"replies":[{"embeddable":true,"href":"https:\/\/www.lejournalduforkane.com\/index.php\/wp-json\/wp\/v2\/comments?post=29281"}],"version-history":[{"count":1,"href":"https:\/\/www.lejournalduforkane.com\/index.php\/wp-json\/wp\/v2\/posts\/29281\/revisions"}],"predecessor-version":[{"id":29283,"href":"https:\/\/www.lejournalduforkane.com\/index.php\/wp-json\/wp\/v2\/posts\/29281\/revisions\/29283"}],"wp:featuredmedia":[{"embeddable":true,"href":"https:\/\/www.lejournalduforkane.com\/index.php\/wp-json\/wp\/v2\/media\/29282"}],"wp:attachment":[{"href":"https:\/\/www.lejournalduforkane.com\/index.php\/wp-json\/wp\/v2\/media?parent=29281"}],"wp:term":[{"taxonomy":"category","embeddable":true,"href":"https:\/\/www.lejournalduforkane.com\/index.php\/wp-json\/wp\/v2\/categories?post=29281"},{"taxonomy":"post_tag","embeddable":true,"href":"https:\/\/www.lejournalduforkane.com\/index.php\/wp-json\/wp\/v2\/tags?post=29281"}],"curies":[{"name":"wp","href":"https:\/\/api.w.org\/{rel}","templated":true}]}}