
{"id":29284,"date":"2022-12-04T18:11:00","date_gmt":"2022-12-04T18:11:00","guid":{"rendered":"https:\/\/www.lejournalduforkane.com\/?p=29284"},"modified":"2022-12-14T18:12:42","modified_gmt":"2022-12-14T18:12:42","slug":"liran-entame-la-construction-dune-nouvelle-centrale-nucleaire","status":"publish","type":"post","link":"https:\/\/www.lejournalduforkane.com\/index.php\/liran-entame-la-construction-dune-nouvelle-centrale-nucleaire\/","title":{"rendered":"L&rsquo;Iran entame la construction d&rsquo;une nouvelle centrale nucl\u00e9aire"},"content":{"rendered":"<div class=\"x11i5rnm xat24cr x1mh8g0r x1vvkbs xdj266r x126k92a\">\n<div dir=\"auto\">L&rsquo;Iran entame la construction d&rsquo;une nouvelle centrale nucl\u00e9aire<\/div>\n<\/div>\n<div class=\"x11i5rnm xat24cr x1mh8g0r x1vvkbs xtlvy1s x126k92a\">\n<div dir=\"auto\">La centrale \u00e9lectrique de Karun prendra 8 ans pour se terminer.<\/div>\n<\/div>\n<div class=\"x11i5rnm xat24cr x1mh8g0r x1vvkbs xtlvy1s x126k92a\">\n<div dir=\"auto\">Karun, la nouvelle centrale nucl\u00e9aire actuellement en construction en Iran, est situ\u00e9e dans le district de Darkhoveyn, pr\u00e8s du comt\u00e9 de Shadegan, dans la province du Khuzestan. Le projet de construction actuel a \u00e9t\u00e9 inaugur\u00e9 par le chef de l&rsquo;Organisation iranienne de l&rsquo;\u00e9nergie atomique (AEOI), Mohammad Eslami.<\/div>\n<\/div>\n<div class=\"x11i5rnm xat24cr x1mh8g0r x1vvkbs xtlvy1s x126k92a\">\n<div dir=\"auto\">D&rsquo;un co\u00fbt de 1,5 \u00e0 2 milliards USD, la centrale est situ\u00e9e sur un terrain de 50 hectares pr\u00e8s de la rivi\u00e8re Karun, o\u00f9 elle sera aliment\u00e9e par un r\u00e9acteur \u00e0 eau sous pression (REP), un type de r\u00e9acteur nucl\u00e9aire \u00e0 eau l\u00e9g\u00e8re pour produire de l&rsquo;\u00e9lectricit\u00e9. d&rsquo;une capacit\u00e9 de 300 m\u00e9gawatts.<\/div>\n<\/div>\n<div class=\"x11i5rnm xat24cr x1mh8g0r x1vvkbs xtlvy1s x126k92a\">\n<div dir=\"auto\">Un r\u00e9acteur \u00e0 eau sous pression fait circuler de l&rsquo;eau l\u00e9g\u00e8re comme caloporteur et utilise comme combustible de l&rsquo;oxyde d&rsquo;uranium enrichi \u00e0 environ 4 % de puret\u00e9.<\/div>\n<\/div>\n<div class=\"x11i5rnm xat24cr x1mh8g0r x1vvkbs xtlvy1s x126k92a\">\n<div dir=\"auto\">La nouvelle centrale \u00e9lectrique devrait prendre 8 ans pour prendre vie, a \u00e9t\u00e9 con\u00e7ue par des experts nationaux et sera fournie \u00e0 l&rsquo;aide de technologies fabriqu\u00e9es localement. Les entreprises et potentiels iraniens fabriqueront les \u00e9quipements fixes de l&rsquo;usine et concevront et produiront \u00e9galement ses pompes de refroidissement.<\/div>\n<\/div>\n","protected":false},"excerpt":{"rendered":"<p>L&rsquo;Iran entame la construction d&rsquo;une nouvelle centrale nucl\u00e9aire La centrale \u00e9lectrique de Karun prendra 8 ans pour se terminer. Karun, la nouvelle centrale nucl\u00e9aire actuellement en construction en Iran, est<\/p>\n","protected":false},"author":2,"featured_media":29285,"comment_status":"closed","ping_status":"open","sticky":false,"template":"","format":"standard","meta":[],"categories":[],"tags":[],"_links":{"self":[{"href":"https:\/\/www.lejournalduforkane.com\/index.php\/wp-json\/wp\/v2\/posts\/29284"}],"collection":[{"href":"https:\/\/www.lejournalduforkane.com\/index.php\/wp-json\/wp\/v2\/posts"}],"about":[{"href":"https:\/\/www.lejournalduforkane.com\/index.php\/wp-json\/wp\/v2\/types\/post"}],"author":[{"embeddable":true,"href":"https:\/\/www.lejournalduforkane.com\/index.php\/wp-json\/wp\/v2\/users\/2"}],"replies":[{"embeddable":true,"href":"https:\/\/www.lejournalduforkane.com\/index.php\/wp-json\/wp\/v2\/comments?post=29284"}],"version-history":[{"count":1,"href":"https:\/\/www.lejournalduforkane.com\/index.php\/wp-json\/wp\/v2\/posts\/29284\/revisions"}],"predecessor-version":[{"id":29286,"href":"https:\/\/www.lejournalduforkane.com\/index.php\/wp-json\/wp\/v2\/posts\/29284\/revisions\/29286"}],"wp:featuredmedia":[{"embeddable":true,"href":"https:\/\/www.lejournalduforkane.com\/index.php\/wp-json\/wp\/v2\/media\/29285"}],"wp:attachment":[{"href":"https:\/\/www.lejournalduforkane.com\/index.php\/wp-json\/wp\/v2\/media?parent=29284"}],"wp:term":[{"taxonomy":"category","embeddable":true,"href":"https:\/\/www.lejournalduforkane.com\/index.php\/wp-json\/wp\/v2\/categories?post=29284"},{"taxonomy":"post_tag","embeddable":true,"href":"https:\/\/www.lejournalduforkane.com\/index.php\/wp-json\/wp\/v2\/tags?post=29284"}],"curies":[{"name":"wp","href":"https:\/\/api.w.org\/{rel}","templated":true}]}}