
{"id":29287,"date":"2022-12-04T18:13:00","date_gmt":"2022-12-04T18:13:00","guid":{"rendered":"https:\/\/www.lejournalduforkane.com\/?p=29287"},"modified":"2022-12-14T18:15:34","modified_gmt":"2022-12-14T18:15:34","slug":"les-bahreinis-continuent-de-protester-contre-la-visite-du-president-de-loccupation-israelienne","status":"publish","type":"post","link":"https:\/\/www.lejournalduforkane.com\/index.php\/les-bahreinis-continuent-de-protester-contre-la-visite-du-president-de-loccupation-israelienne\/","title":{"rendered":"Les Bahre\u00efnis continuent de protester contre la visite du pr\u00e9sident de l&rsquo;occupation isra\u00e9lienne"},"content":{"rendered":"<div class=\"x11i5rnm xat24cr x1mh8g0r x1vvkbs xdj266r x126k92a\">\n<div dir=\"auto\">Les Bahre\u00efnis continuent de protester contre la visite du pr\u00e9sident de l&rsquo;occupation isra\u00e9lienne<\/div>\n<\/div>\n<div class=\"x11i5rnm xat24cr x1mh8g0r x1vvkbs xtlvy1s x126k92a\">\n<div dir=\"auto\">Avant la visite du pr\u00e9sident de l&rsquo;occupation isra\u00e9lienne \u00e0 Manama, les Bahre\u00efnis r\u00e9it\u00e8rent la position ferme de Bahre\u00efn dans la d\u00e9fense de la cause palestinienne.<\/div>\n<div dir=\"auto\"><\/div>\n<\/div>\n<div class=\"x11i5rnm xat24cr x1mh8g0r x1vvkbs xtlvy1s x126k92a\">\n<div dir=\"auto\">Les manifestations se poursuivent \u00e0 Bahre\u00efn contre la visite du pr\u00e9sident de l&rsquo;occupation isra\u00e9lienne, Isaac Herzog, \u00e0 Manama dimanche. Les manifestants ont brandi des drapeaux bahre\u00efnis et palestiniens et des slogans condamnant la visite de Herzog.<\/div>\n<div dir=\"auto\"><\/div>\n<\/div>\n<div class=\"x11i5rnm xat24cr x1mh8g0r x1vvkbs xtlvy1s x126k92a\">\n<div dir=\"auto\">La soci\u00e9t\u00e9 bahre\u00efnite Al-Wefaq a appel\u00e9 \u00e0 une participation active \u00e0 une manifestation \u00e9lectronique co\u00efncidant avec la visite du pr\u00e9sident isra\u00e9lien, tandis que la soci\u00e9t\u00e9 politique a affirm\u00e9 que la position du peuple bahre\u00efni est ferme en d\u00e9fendant la cause palestinienne et en rejetant les \u00e9tapes acc\u00e9l\u00e9r\u00e9es de normalisation avec \u00ab\u00a0Tel Aviv\u00a0\u00bb.<\/div>\n<\/div>\n<div class=\"x11i5rnm xat24cr x1mh8g0r x1vvkbs xtlvy1s x126k92a\">\n<div dir=\"auto\">Le haut religieux bahre\u00efni Sheikh Isa Qassim a d\u00e9cri\u00e9 \u00ab La normalisation est une trahison de la cause (palestinienne) et de la nation (arabe) \u00bb, rejetant la profanation par Lapid de la terre de Bahre\u00efn.<\/div>\n<div dir=\"auto\"><\/div>\n<\/div>\n<div class=\"x11i5rnm xat24cr x1mh8g0r x1vvkbs xtlvy1s x126k92a\">\n<div dir=\"auto\">\u00c0 la mi-novembre, les m\u00e9dias isra\u00e9liens ont rapport\u00e9 que Herzog serait le premier pr\u00e9sident d&rsquo;occupation isra\u00e9lien \u00e0 se rendre \u00e0 Bahre\u00efn en r\u00e9ponse \u00e0 une invitation qu&rsquo;il avait re\u00e7ue du roi Hamad bin Isa Al Khalifa.<\/div>\n<\/div>\n<div class=\"x11i5rnm xat24cr x1mh8g0r x1vvkbs xtlvy1s x126k92a\">\n<div dir=\"auto\">Selon la Treizi\u00e8me cha\u00eene isra\u00e9lienne, \u00ab Herzog se rendra \u00e0 Bahre\u00efn le 4 d\u00e9cembre et tiendra des r\u00e9unions avec le roi, de hauts responsables du royaume et des membres de la communaut\u00e9 juive \u00bb, ajoutant que le bureau du pr\u00e9sident isra\u00e9lien \u00ab a d\u00e9clar\u00e9 que les dirigeants discuteront renforcer les relations et \u00e9largir la coop\u00e9ration \u00bb.<\/div>\n<div dir=\"auto\"><\/div>\n<\/div>\n<div class=\"x11i5rnm xat24cr x1mh8g0r x1vvkbs xtlvy1s x126k92a\">\n<div dir=\"auto\">La cha\u00eene isra\u00e9lienne a not\u00e9 que Herzog se rendra aux \u00c9mirats arabes unis le lendemain et participera \u00e0 la conf\u00e9rence spatiale qui se tiendra \u00e0 Abou Dhabi, o\u00f9 il rencontrera le pr\u00e9sident des \u00c9mirats arabes unis Mohammed bin Zayed Al Nahyan lors de la quatri\u00e8me r\u00e9union entre les deux. .<\/div>\n<div dir=\"auto\"><\/div>\n<\/div>\n<div class=\"x11i5rnm xat24cr x1mh8g0r x1vvkbs xtlvy1s x126k92a\">\n<div dir=\"auto\">La visite de Herzog aux \u00c9mirats arabes unis et \u00e0 Bahre\u00efn intervient plus de deux ans apr\u00e8s que les deux parties ont normalis\u00e9 leurs relations dans le cadre des accords de normalisation sous les auspices des \u00c9tats-Unis.<\/div>\n<\/div>\n<div class=\"x11i5rnm xat24cr x1mh8g0r x1vvkbs xtlvy1s x126k92a\">\n<div dir=\"auto\">En septembre, Herzog a re\u00e7u \u00e0 \u00ab\u00a0Tel-Aviv\u00a0\u00bb le ministre \u00e9mirati des Affaires \u00e9trang\u00e8res Abdullah bin Zayed Al Nahyan qui \u00e9tait accompagn\u00e9 d&rsquo;une d\u00e9l\u00e9gation officielle et \u00e9conomique de haut niveau.<\/div>\n<\/div>\n","protected":false},"excerpt":{"rendered":"<p>Les Bahre\u00efnis continuent de protester contre la visite du pr\u00e9sident de l&rsquo;occupation isra\u00e9lienne Avant la visite du pr\u00e9sident de l&rsquo;occupation isra\u00e9lienne \u00e0 Manama, les Bahre\u00efnis r\u00e9it\u00e8rent la position ferme de<\/p>\n","protected":false},"author":2,"featured_media":29288,"comment_status":"closed","ping_status":"open","sticky":false,"template":"","format":"standard","meta":[],"categories":[],"tags":[],"_links":{"self":[{"href":"https:\/\/www.lejournalduforkane.com\/index.php\/wp-json\/wp\/v2\/posts\/29287"}],"collection":[{"href":"https:\/\/www.lejournalduforkane.com\/index.php\/wp-json\/wp\/v2\/posts"}],"about":[{"href":"https:\/\/www.lejournalduforkane.com\/index.php\/wp-json\/wp\/v2\/types\/post"}],"author":[{"embeddable":true,"href":"https:\/\/www.lejournalduforkane.com\/index.php\/wp-json\/wp\/v2\/users\/2"}],"replies":[{"embeddable":true,"href":"https:\/\/www.lejournalduforkane.com\/index.php\/wp-json\/wp\/v2\/comments?post=29287"}],"version-history":[{"count":1,"href":"https:\/\/www.lejournalduforkane.com\/index.php\/wp-json\/wp\/v2\/posts\/29287\/revisions"}],"predecessor-version":[{"id":29289,"href":"https:\/\/www.lejournalduforkane.com\/index.php\/wp-json\/wp\/v2\/posts\/29287\/revisions\/29289"}],"wp:featuredmedia":[{"embeddable":true,"href":"https:\/\/www.lejournalduforkane.com\/index.php\/wp-json\/wp\/v2\/media\/29288"}],"wp:attachment":[{"href":"https:\/\/www.lejournalduforkane.com\/index.php\/wp-json\/wp\/v2\/media?parent=29287"}],"wp:term":[{"taxonomy":"category","embeddable":true,"href":"https:\/\/www.lejournalduforkane.com\/index.php\/wp-json\/wp\/v2\/categories?post=29287"},{"taxonomy":"post_tag","embeddable":true,"href":"https:\/\/www.lejournalduforkane.com\/index.php\/wp-json\/wp\/v2\/tags?post=29287"}],"curies":[{"name":"wp","href":"https:\/\/api.w.org\/{rel}","templated":true}]}}