
{"id":29290,"date":"2022-12-04T18:16:00","date_gmt":"2022-12-04T18:16:00","guid":{"rendered":"https:\/\/www.lejournalduforkane.com\/?p=29290"},"modified":"2022-12-14T18:18:02","modified_gmt":"2022-12-14T18:18:02","slug":"apres-le-mali-le-burkina-faso-suspend-la-chaine-francaise-rfi","status":"publish","type":"post","link":"https:\/\/www.lejournalduforkane.com\/index.php\/apres-le-mali-le-burkina-faso-suspend-la-chaine-francaise-rfi\/","title":{"rendered":"Apr\u00e8s le Mali, le Burkina Faso suspend la cha\u00eene fran\u00e7aise RFI"},"content":{"rendered":"<div class=\"x11i5rnm xat24cr x1mh8g0r x1vvkbs xdj266r x126k92a\">\n<div dir=\"auto\">Apr\u00e8s le Mali, le Burkina Faso suspend la cha\u00eene fran\u00e7aise RFI<\/div>\n<\/div>\n<div class=\"x11i5rnm xat24cr x1mh8g0r x1vvkbs xtlvy1s x126k92a\">\n<div dir=\"auto\">Le gouvernement du Burkina Faso affirme que la cha\u00eene de t\u00e9l\u00e9vision fran\u00e7aise RFI aidait des groupes terroristes dans leurs complots contre les citoyens du pays<\/div>\n<\/div>\n<div class=\"x11i5rnm xat24cr x1mh8g0r x1vvkbs xtlvy1s x126k92a\">\n<div dir=\"auto\">Apr\u00e8s le Mali cette ann\u00e9e, le Burkina Faso suspend la diffusion de Radio France Internationale (RFI) apr\u00e8s l&rsquo;avoir accus\u00e9e de contribuer \u00e0 un complot de \u00ab\u00a0groupes terroristes\u00a0\u00bb pour intimider les citoyens prot\u00e9geant leur pays.<\/div>\n<\/div>\n<div class=\"x11i5rnm xat24cr x1mh8g0r x1vvkbs xtlvy1s x126k92a\">\n<div dir=\"auto\">En mars, la junte au pouvoir au Mali a annonc\u00e9 la suspension de l&rsquo;autorisation de diffusion accord\u00e9e \u00e0 RFI et France 24, apr\u00e8s la publication de comptes rendus impliquant l&rsquo;arm\u00e9e malienne dans des exactions contre des civils.<\/div>\n<\/div>\n<div class=\"x11i5rnm xat24cr x1mh8g0r x1vvkbs xtlvy1s x126k92a\">\n<div dir=\"auto\">Au d\u00e9but du mois de mars, les autorit\u00e9s maliennes avaient annonc\u00e9 la suppression de RFI des cha\u00eenes de diffusion apr\u00e8s que ces derni\u00e8res aient fait \u00e9tat de violences pr\u00e9sum\u00e9es contre des civils dans les bases militaires maliennes.<\/div>\n<\/div>\n<div class=\"x11i5rnm xat24cr x1mh8g0r x1vvkbs xtlvy1s x126k92a\">\n<div dir=\"auto\">Le porte-parole du gouvernement burkinab\u00e9, Jean Emmanuel Ouedraogo, a d\u00e9clar\u00e9 dans un communiqu\u00e9 que le radiodiffuseur fran\u00e7ais avait contribu\u00e9 \u00e0 \u00ab\u00a0une man\u0153uvre d\u00e9sesp\u00e9r\u00e9e de groupes terroristes\u00a0\u00bb contre des citoyens burkinab\u00e9s stationn\u00e9s pour d\u00e9fendre le pays, ajoutant que les autorit\u00e9s avaient d\u00e9j\u00e0 protest\u00e9 contre la publication du radiodiffuseur au d\u00e9but du mois de novembre.<\/div>\n<\/div>\n<div class=\"x11i5rnm xat24cr x1mh8g0r x1vvkbs xtlvy1s x126k92a\">\n<div dir=\"auto\">L&rsquo;un des pays les plus pauvres du monde, le Burkina est aux prises avec des offensives militantes depuis 2015. Des milliers de civils et de membres des forces de s\u00e9curit\u00e9 sont morts et environ deux millions de personnes ont \u00e9t\u00e9 d\u00e9plac\u00e9es.<\/div>\n<\/div>\n<div class=\"x11i5rnm xat24cr x1mh8g0r x1vvkbs xtlvy1s x126k92a\">\n<div dir=\"auto\">Plus t\u00f4t cette semaine, le Groupe de soutien \u00e0 l&rsquo;islam et aux musulmans (GSIM), affili\u00e9 \u00e0 Al-Qa\u00efda, a diffus\u00e9 une vid\u00e9o mena\u00e7ant d&rsquo;attaquer des villages o\u00f9 les forces pro-gouvernementales VDP sont situ\u00e9es dans le pays.<\/div>\n<\/div>\n<div class=\"x11i5rnm xat24cr x1mh8g0r x1vvkbs xtlvy1s x126k92a\">\n<div dir=\"auto\">Les VDP sont des forces compos\u00e9es de civils qui suivent deux semaines de formation militaire et sont ensuite charg\u00e9es de surveiller ou de collecter des informations pour l&rsquo;arm\u00e9e<\/div>\n<\/div>\n<div class=\"x11i5rnm xat24cr x1mh8g0r x1vvkbs xtlvy1s x126k92a\">\n<div dir=\"auto\">\u00ab\u00a0Compte tenu de tout ce qui s&rsquo;est pass\u00e9 auparavant, le gouvernement a d\u00e9cid\u00e9 la suspension imm\u00e9diate, jusqu&rsquo;\u00e0 nouvel ordre, de la diffusion des programmes de Radio France Internationale\u00a0\u00bb, note le communiqu\u00e9, ajoutant que RFI diffusait des \u00ab\u00a0informations trompeuses\u00a0\u00bb apr\u00e8s avoir publi\u00e9 plus t\u00f4t un rapport selon lequel le capitaine de la junte du pays, Ibrahim Traor\u00e9, a surv\u00e9cu \u00e0 un coup d&rsquo;\u00c9tat contre lui.<\/div>\n<\/div>\n<div class=\"x11i5rnm xat24cr x1mh8g0r x1vvkbs xtlvy1s x126k92a\">\n<div dir=\"auto\">L&rsquo;arr\u00eat de la diffusion de RFI \u00ab\u00a0a \u00e9t\u00e9 pris sans pr\u00e9avis et sans appliquer les proc\u00e9dures&#8230; \u00e9tablies par le Conseil sup\u00e9rieur de la communication du Burkina Faso\u00a0\u00bb, a indiqu\u00e9 la direction de la soci\u00e9t\u00e9.<\/div>\n<\/div>\n<div class=\"x11i5rnm xat24cr x1mh8g0r x1vvkbs xtlvy1s x126k92a\">\n<div dir=\"auto\">Le communiqu\u00e9 du gouvernement exhorte les m\u00e9dias \u00e0 \u00ab\u00a0respecter les r\u00e8gles et principes \u00e9dict\u00e9s en la mati\u00e8re dans notre pays\u00a0\u00bb et souligne qu&rsquo;il veut \u00ab\u00a0r\u00e9affirmer aupr\u00e8s de l&rsquo;opinion nationale et internationale son attachement \u00e0 la libert\u00e9 de la presse et d&rsquo;opinion\u00a0\u00bb et au \u00ab\u00a0droit du public aux informations\u00a0\u00bb<\/div>\n<\/div>\n<div class=\"x11i5rnm xat24cr x1mh8g0r x1vvkbs xtlvy1s x126k92a\">\n<div dir=\"auto\">La d\u00e9t\u00e9rioration de la situation s\u00e9curitaire du pays a \u00e9t\u00e9 utilis\u00e9e pour justifier les deux coups d&rsquo;\u00c9tat de cette ann\u00e9e. La premi\u00e8re, en janvier, a vu une junte militaire dirig\u00e9e par le lieutenant-colonel Paul-Henri Sandaogo Damiba renverser le pr\u00e9sident \u00e9lu Roch Marc Christian Kabor\u00e9.<\/div>\n<\/div>\n<div class=\"x11i5rnm xat24cr x1mh8g0r x1vvkbs xtlvy1s x126k92a\">\n<div dir=\"auto\">La seconde, en septembre, a vu le capitaine Ibrahim Traor\u00e9 arriver au pouvoir alors que lui et ses partisans \u00e9vin\u00e7aient Damiba.<\/div>\n<\/div>\n<div class=\"x11i5rnm xat24cr x1mh8g0r x1vvkbs xtlvy1s x126k92a\">\n<div dir=\"auto\">Les relations entre le Burkina Faso et la France se sont d\u00e9t\u00e9rior\u00e9es en raison de son incapacit\u00e9 \u00e0 contenir les groupes et les activit\u00e9s terroristes \u00e0 travers le pays. La France a d\u00e9j\u00e0 occup\u00e9 le pays et l&rsquo;a gouvern\u00e9 d&rsquo;une main de fer tout en intervenant encore aujourd&rsquo;hui dans ses affaires int\u00e9rieures, ruinant la vie de nombreuses personnes.<\/div>\n<\/div>\n<div class=\"x11i5rnm xat24cr x1mh8g0r x1vvkbs xtlvy1s x126k92a\">\n<div dir=\"auto\">Il convient de noter que l&rsquo;ONU a averti en octobre que 4,9 millions de personnes, soit un cinqui\u00e8me de la population du Burkina, ont un besoin urgent d&rsquo;aide, citant le fait que de nombreuses \u00ab m\u00e8res ont \u00e9t\u00e9 oblig\u00e9es de nourrir leurs enfants avec des feuilles et du sel \u00bb.<\/div>\n<\/div>\n","protected":false},"excerpt":{"rendered":"<p>Apr\u00e8s le Mali, le Burkina Faso suspend la cha\u00eene fran\u00e7aise RFI Le gouvernement du Burkina Faso affirme que la cha\u00eene de t\u00e9l\u00e9vision fran\u00e7aise RFI aidait des groupes terroristes dans leurs<\/p>\n","protected":false},"author":2,"featured_media":29291,"comment_status":"closed","ping_status":"open","sticky":false,"template":"","format":"standard","meta":[],"categories":[],"tags":[],"_links":{"self":[{"href":"https:\/\/www.lejournalduforkane.com\/index.php\/wp-json\/wp\/v2\/posts\/29290"}],"collection":[{"href":"https:\/\/www.lejournalduforkane.com\/index.php\/wp-json\/wp\/v2\/posts"}],"about":[{"href":"https:\/\/www.lejournalduforkane.com\/index.php\/wp-json\/wp\/v2\/types\/post"}],"author":[{"embeddable":true,"href":"https:\/\/www.lejournalduforkane.com\/index.php\/wp-json\/wp\/v2\/users\/2"}],"replies":[{"embeddable":true,"href":"https:\/\/www.lejournalduforkane.com\/index.php\/wp-json\/wp\/v2\/comments?post=29290"}],"version-history":[{"count":1,"href":"https:\/\/www.lejournalduforkane.com\/index.php\/wp-json\/wp\/v2\/posts\/29290\/revisions"}],"predecessor-version":[{"id":29292,"href":"https:\/\/www.lejournalduforkane.com\/index.php\/wp-json\/wp\/v2\/posts\/29290\/revisions\/29292"}],"wp:featuredmedia":[{"embeddable":true,"href":"https:\/\/www.lejournalduforkane.com\/index.php\/wp-json\/wp\/v2\/media\/29291"}],"wp:attachment":[{"href":"https:\/\/www.lejournalduforkane.com\/index.php\/wp-json\/wp\/v2\/media?parent=29290"}],"wp:term":[{"taxonomy":"category","embeddable":true,"href":"https:\/\/www.lejournalduforkane.com\/index.php\/wp-json\/wp\/v2\/categories?post=29290"},{"taxonomy":"post_tag","embeddable":true,"href":"https:\/\/www.lejournalduforkane.com\/index.php\/wp-json\/wp\/v2\/tags?post=29290"}],"curies":[{"name":"wp","href":"https:\/\/api.w.org\/{rel}","templated":true}]}}