
{"id":29294,"date":"2022-12-25T14:51:43","date_gmt":"2022-12-25T14:51:43","guid":{"rendered":"https:\/\/www.lejournalduforkane.com\/?p=29294"},"modified":"2022-12-25T14:51:49","modified_gmt":"2022-12-25T14:51:49","slug":"les-marocains-crient-la-normalisation-est-traitre","status":"publish","type":"post","link":"https:\/\/www.lejournalduforkane.com\/index.php\/les-marocains-crient-la-normalisation-est-traitre\/","title":{"rendered":"Les Marocains crient : \u00ab La normalisation est tra\u00eetre \u00bb"},"content":{"rendered":"<div class=\"x11i5rnm xat24cr x1mh8g0r x1vvkbs xdj266r x126k92a\">\n<div dir=\"auto\">Les Marocains crient : \u00ab La normalisation est tra\u00eetre \u00bb<\/div>\n<\/div>\n<div class=\"x11i5rnm xat24cr x1mh8g0r x1vvkbs xtlvy1s x126k92a\">\n<div dir=\"auto\">Des manifestants au Maroc protestent contre la normalisation avec \u00ab\u00a0Isra\u00ebl\u00a0\u00bb et affirment leur soutien aux Palestiniens.<\/div>\n<\/div>\n<div class=\"x11i5rnm xat24cr x1mh8g0r x1vvkbs xtlvy1s x126k92a\">\n<div dir=\"auto\">Des dizaines de manifestants ont manifest\u00e9 devant le parlement marocain contre la normalisation des liens du royaume avec l&rsquo;occupation isra\u00e9lienne \u00e0 l&rsquo;occasion de son deuxi\u00e8me anniversaire.<\/div>\n<\/div>\n<div class=\"x11i5rnm xat24cr x1mh8g0r x1vvkbs xtlvy1s x126k92a\">\n<div dir=\"auto\">Les manifestants ont scand\u00e9 des slogans d\u00e9non\u00e7ant le rapprochement maroco-isra\u00e9lien, r\u00e9it\u00e9rant leur solidarit\u00e9 ind\u00e9fectible avec la cause palestinienne.<\/div>\n<\/div>\n<div class=\"x11i5rnm xat24cr x1mh8g0r x1vvkbs xtlvy1s x126k92a\">\n<div dir=\"auto\">Suite \u00e0 un appel du \u00ab\u00a0Front marocain de soutien \u00e0 la Palestine et contre la normalisation\u00a0\u00bb, des personnes de toutes les classes sociales se sont jointes \u00e0 des manifestations nationales dans pr\u00e8s de 30 villes, dont Casablanca, Oujda, Mekn\u00e8s, Tanger, Larache, Khemisset, Agadir et Khouribga, pour exprimer soutien aux Palestiniens et d\u00e9noncer la normalisation des relations du Maroc avec \u00ab Isra\u00ebl \u00bb.<\/div>\n<\/div>\n<div class=\"x11i5rnm xat24cr x1mh8g0r x1vvkbs xtlvy1s x126k92a\">\n<div dir=\"auto\">Dans la capitale, Rabat, des manifestants se sont rassembl\u00e9s devant le Parlement marocain, scandant des slogans anti-normalisation et appelant \u00e0 l&rsquo;annulation de l&rsquo;accord.<\/div>\n<\/div>\n<div class=\"x11i5rnm xat24cr x1mh8g0r x1vvkbs xtlvy1s x126k92a\">\n<div dir=\"auto\">Les manifestants ont brandi des pancartes indiquant en arabe : \u00ab Le combat continuera jusqu&rsquo;\u00e0 ce que l&rsquo;accord de normalisation soit r\u00e9voqu\u00e9 \u00bb, et ont agit\u00e9 des drapeaux nationaux palestiniens.<\/div>\n<\/div>\n<div class=\"x11i5rnm xat24cr x1mh8g0r x1vvkbs xtlvy1s x126k92a\">\n<div dir=\"auto\">Tayeb Midhmadh, le coordinateur du mouvement Front marocain de soutien \u00e0 la Palestine et contre la normalisation, qui comprendrait 15 organisations politiques, syndicales et de d\u00e9fense des droits de l&rsquo;homme, a d\u00e9clar\u00e9 que le message envoy\u00e9 par les manifestations g\u00e9n\u00e9ralis\u00e9es est que la normalisation avec \u00ab\u00a0Isra\u00ebl\u00a0\u00bb est passionn\u00e9ment oppos\u00e9e par Le pays entier.<\/div>\n<\/div>\n<div class=\"x11i5rnm xat24cr x1mh8g0r x1vvkbs xtlvy1s x126k92a\">\n<div dir=\"auto\">Il convient de noter que Rabat a rompu ses liens avec \u00ab Isra\u00ebl \u00bb en 2000, \u00e0 la suite du d\u00e9clenchement de la deuxi\u00e8me Intifada palestinienne, mais que le Maroc a normalis\u00e9 ses liens avec \u00ab Isra\u00ebl \u00bb en 2020, ainsi qu&rsquo;avec les \u00c9mirats arabes unis et Bahre\u00efn.<\/div>\n<\/div>\n","protected":false},"excerpt":{"rendered":"<p>Les Marocains crient : \u00ab La normalisation est tra\u00eetre \u00bb Des manifestants au Maroc protestent contre la normalisation avec \u00ab\u00a0Isra\u00ebl\u00a0\u00bb et affirment leur soutien aux Palestiniens. Des dizaines de manifestants<\/p>\n","protected":false},"author":2,"featured_media":29295,"comment_status":"closed","ping_status":"open","sticky":false,"template":"","format":"standard","meta":[],"categories":[],"tags":[],"_links":{"self":[{"href":"https:\/\/www.lejournalduforkane.com\/index.php\/wp-json\/wp\/v2\/posts\/29294"}],"collection":[{"href":"https:\/\/www.lejournalduforkane.com\/index.php\/wp-json\/wp\/v2\/posts"}],"about":[{"href":"https:\/\/www.lejournalduforkane.com\/index.php\/wp-json\/wp\/v2\/types\/post"}],"author":[{"embeddable":true,"href":"https:\/\/www.lejournalduforkane.com\/index.php\/wp-json\/wp\/v2\/users\/2"}],"replies":[{"embeddable":true,"href":"https:\/\/www.lejournalduforkane.com\/index.php\/wp-json\/wp\/v2\/comments?post=29294"}],"version-history":[{"count":1,"href":"https:\/\/www.lejournalduforkane.com\/index.php\/wp-json\/wp\/v2\/posts\/29294\/revisions"}],"predecessor-version":[{"id":29296,"href":"https:\/\/www.lejournalduforkane.com\/index.php\/wp-json\/wp\/v2\/posts\/29294\/revisions\/29296"}],"wp:featuredmedia":[{"embeddable":true,"href":"https:\/\/www.lejournalduforkane.com\/index.php\/wp-json\/wp\/v2\/media\/29295"}],"wp:attachment":[{"href":"https:\/\/www.lejournalduforkane.com\/index.php\/wp-json\/wp\/v2\/media?parent=29294"}],"wp:term":[{"taxonomy":"category","embeddable":true,"href":"https:\/\/www.lejournalduforkane.com\/index.php\/wp-json\/wp\/v2\/categories?post=29294"},{"taxonomy":"post_tag","embeddable":true,"href":"https:\/\/www.lejournalduforkane.com\/index.php\/wp-json\/wp\/v2\/tags?post=29294"}],"curies":[{"name":"wp","href":"https:\/\/api.w.org\/{rel}","templated":true}]}}