
{"id":29300,"date":"2022-12-24T12:05:00","date_gmt":"2022-12-24T12:05:00","guid":{"rendered":"https:\/\/www.lejournalduforkane.com\/?p=29300"},"modified":"2022-12-25T15:08:38","modified_gmt":"2022-12-25T15:08:38","slug":"le-chili-va-ouvrir-une-ambassade-en-palestine-declare-le-president","status":"publish","type":"post","link":"https:\/\/www.lejournalduforkane.com\/index.php\/le-chili-va-ouvrir-une-ambassade-en-palestine-declare-le-president\/","title":{"rendered":"Le Chili va ouvrir une ambassade en Palestine, d\u00e9clare le pr\u00e9sident"},"content":{"rendered":"<div class=\"x11i5rnm xat24cr x1mh8g0r x1vvkbs xdj266r x126k92a\">\n<div dir=\"auto\">Le Chili va ouvrir une ambassade en Palestine, d\u00e9clare le pr\u00e9sident<\/div>\n<\/div>\n<div class=\"x11i5rnm xat24cr x1mh8g0r x1vvkbs xtlvy1s x126k92a\">\n<div dir=\"auto\">La position pro-palestinienne au Chili atteint de nouveaux sommets, le pr\u00e9sident Boric annon\u00e7ant qu&rsquo;il ouvrirait une ambassade en Palestine occup\u00e9e.<\/div>\n<div dir=\"auto\"><\/div>\n<\/div>\n<div class=\"x11i5rnm xat24cr x1mh8g0r x1vvkbs xtlvy1s x126k92a\">\n<div dir=\"auto\">Le Chili envisage d&rsquo;ouvrir une ambassade en Palestine occup\u00e9e alors que Santiago cherche \u00e0 exiger le respect du droit international, selon le pr\u00e9sident Gabriel Boric.<\/div>\n<\/div>\n<div class=\"x11i5rnm xat24cr x1mh8g0r x1vvkbs xtlvy1s x126k92a\">\n<div dir=\"auto\">Le minist\u00e8re palestinien des Affaires \u00e9trang\u00e8res a salu\u00e9 la d\u00e9cision de Boric d&rsquo;ouvrir l&rsquo;ambassade apr\u00e8s que la ministre chilienne des Affaires \u00e9trang\u00e8res, Antonia Urrejola, a confirm\u00e9 le plan jeudi.<\/div>\n<div dir=\"auto\"><\/div>\n<\/div>\n<div class=\"x11i5rnm xat24cr x1mh8g0r x1vvkbs xtlvy1s x126k92a\">\n<div dir=\"auto\">Urrejola, cependant, a d\u00e9clar\u00e9 qu&rsquo;il n&rsquo;y avait pas de calendrier pour le processus, notant que son pays reconna\u00eetrait toujours \u00e0 la fois la Palestine occup\u00e9e et l&rsquo;occupation isra\u00e9lienne.<\/div>\n<\/div>\n<div class=\"x11i5rnm xat24cr x1mh8g0r x1vvkbs xtlvy1s x126k92a\">\n<div dir=\"auto\">La d\u00e9cision elle-m\u00eame est intervenue mercredi soir, Boric l&rsquo;annon\u00e7ant devant les Palestiniens chiliens qui font partie de la grande communaut\u00e9 palestinienne de Santiago.<\/div>\n<div dir=\"auto\"><\/div>\n<\/div>\n<div class=\"x11i5rnm xat24cr x1mh8g0r x1vvkbs xtlvy1s x126k92a\">\n<div dir=\"auto\">\u00ab\u00a0Nous allons augmenter notre repr\u00e9sentation officielle en Palestine au lieu d&rsquo;avoir un charg\u00e9 d&rsquo;affaires. Maintenant, nous allons ouvrir une ambassade\u00a0\u00bb, a d\u00e9clar\u00e9 Boric apr\u00e8s avoir not\u00e9 qu&rsquo;il \u00ab\u00a0prenait un risque [en disant] cela\u00a0\u00bb.<\/div>\n<\/div>\n<div class=\"x11i5rnm xat24cr x1mh8g0r x1vvkbs xtlvy1s x126k92a\">\n<div dir=\"auto\">Al-Quds a r\u00e9pondu \u00e0 cela, le minist\u00e8re palestinien des Affaires \u00e9trang\u00e8res et des Expatri\u00e9s \u00ab saluant vivement cette d\u00e9cision \u00bb.<\/div>\n<\/div>\n<div class=\"x11i5rnm xat24cr x1mh8g0r x1vvkbs xtlvy1s x126k92a\">\n<div dir=\"auto\">\u00ab Affirme la position de principe du Chili et de son pr\u00e9sident en faveur du droit international et du droit du peuple palestinien \u00e0 \u00e9tablir son \u00c9tat ind\u00e9pendant \u00bb, a d\u00e9clar\u00e9 Al-Quds.<\/div>\n<div dir=\"auto\"><\/div>\n<\/div>\n<div class=\"x11i5rnm xat24cr x1mh8g0r x1vvkbs xtlvy1s x126k92a\">\n<div dir=\"auto\">Le pays d&rsquo;Am\u00e9rique latine a une histoire de soutien \u00e0 la Palestine, ayant d\u00e9j\u00e0 un bureau de repr\u00e9sentation en Palestine, qui a \u00e9t\u00e9 cr\u00e9\u00e9 en 1998 \u00e0 Ramallah, en Cisjordanie occup\u00e9e. En 2011 \u00e9galement, le Chili a reconnu la Palestine en tant qu&rsquo;\u00c9tat et a soutenu son admission \u00e0 l&rsquo;UNESCO.<\/div>\n<\/div>\n<div class=\"x11i5rnm xat24cr x1mh8g0r x1vvkbs xtlvy1s x126k92a\">\n<div dir=\"auto\">La d\u00e9cision de Boric a \u00e9t\u00e9 prise dans le but de donner aux Palestiniens la repr\u00e9sentation qu&rsquo;ils m\u00e9ritent, selon le pr\u00e9sident, bien qu&rsquo;il n&rsquo;ait pas pr\u00e9cis\u00e9 o\u00f9 l&rsquo;ambassade serait ouverte exactement.<\/div>\n<div dir=\"auto\"><\/div>\n<\/div>\n<div class=\"x11i5rnm xat24cr x1mh8g0r x1vvkbs xtlvy1s x126k92a\">\n<div dir=\"auto\">L&rsquo;incertitude quant \u00e0 l&#8217;emplacement de l&rsquo;ambassade est due \u00e0 l&rsquo;ancien pr\u00e9sident am\u00e9ricain Donald Trump, qui a provoqu\u00e9 une crise diplomatique pour la Palestine apr\u00e8s avoir reconnu la capitale palestinienne, occup\u00e9e Al-Qods, comme la capitale d'\u00a0\u00bbIsra\u00ebl\u00a0\u00bb, provoquant la localisation des ambassades. \u00eatre un sujet litigieux pour divers \u00c9tats.<\/div>\n<\/div>\n<div class=\"x11i5rnm xat24cr x1mh8g0r x1vvkbs xtlvy1s x126k92a\">\n<div dir=\"auto\">Cela survient des mois apr\u00e8s que Boric ait refus\u00e9 d&rsquo;accepter les lettres de cr\u00e9ance du nouvel ambassadeur isra\u00e9lien Gil Artzyeli, citant le meurtre par les forces d&rsquo;occupation isra\u00e9liennes d&rsquo;un jeune adolescent palestinien en Cisjordanie occup\u00e9e.<\/div>\n<div dir=\"auto\"><\/div>\n<\/div>\n<div class=\"x11i5rnm xat24cr x1mh8g0r x1vvkbs xtlvy1s x126k92a\">\n<div dir=\"auto\">Artzyelli \u00e9tait d\u00e9j\u00e0 au palais pr\u00e9sidentiel chilien pour sa rencontre pr\u00e9vue avec Boric lorsque la ministre chilienne des Affaires \u00e9trang\u00e8res, Antonia Urrejola, l&rsquo;a inform\u00e9 que ses lettres de cr\u00e9ance ne seraient pas accept\u00e9es ce jour-l\u00e0 et que la c\u00e9r\u00e9monie serait report\u00e9e au mois prochain.<\/div>\n<\/div>\n<div class=\"x11i5rnm xat24cr x1mh8g0r x1vvkbs xtlvy1s x126k92a\">\n<div dir=\"auto\">Un jour avant que le massacre de Sabra et Chatila perp\u00e9tr\u00e9 par les Isra\u00e9liens n&rsquo;ait 40 ans, l&rsquo;ambassadeur d&rsquo;Isra\u00ebl a jou\u00e9 la carte de la victime, affirmant que m\u00eame si l&rsquo;incident \u00e9tait \u00ab assez inconfortable \u00bb. ans.\u00a0\u00bb<\/div>\n<\/div>\n<div class=\"x11i5rnm xat24cr x1mh8g0r x1vvkbs xtlvy1s x126k92a\">\n<div dir=\"auto\">BDS et r\u00e9sistance de Boric<\/div>\n<div dir=\"auto\"><\/div>\n<div dir=\"auto\">Le pr\u00e9sident chilien Gabriel Boric est depuis longtemps un ardent d\u00e9fenseur de la cause palestinienne contre l&rsquo;occupation isra\u00e9lienne.<\/div>\n<\/div>\n<div class=\"x11i5rnm xat24cr x1mh8g0r x1vvkbs xtlvy1s x126k92a\">\n<div dir=\"auto\">Boric a un jour qualifi\u00e9 \u00ab\u00a0Isra\u00ebl\u00a0\u00bb d'\u00a0\u00bb\u00c9tat meurtrier\u00a0\u00bb pendant sa campagne pr\u00e9sidentielle, exprimant son soutien aux projets de loi appelant au boycott des biens, services et produits des colonies isra\u00e9liennes.<\/div>\n<\/div>\n<div class=\"x11i5rnm xat24cr x1mh8g0r x1vvkbs xtlvy1s x126k92a\">\n<div dir=\"auto\">Il a r\u00e9pondu en 2019 \u00e0 la communaut\u00e9 juive chilienne lui envoyant un pot de miel pour Rosh Hashana (Nouvel An juif) en disant qu&rsquo;il \u00ab\u00a0appr\u00e9ciait le geste\u00a0\u00bb mais \u00ab\u00a0ils auraient pu demander \u00e0 Isra\u00ebl de restituer le territoire palestinien ill\u00e9galement occup\u00e9\u00a0\u00bb.<\/div>\n<div dir=\"auto\"><\/div>\n<\/div>\n<div class=\"x11i5rnm xat24cr x1mh8g0r x1vvkbs xtlvy1s x126k92a\">\n<div dir=\"auto\">Sa position anti-isra\u00e9lienne l&rsquo;a rendu impopulaire parmi les groupes sionistes au Chili, mais lui a valu beaucoup de soutien de la part des gauchistes et des d\u00e9fenseurs pro-palestiniens, en particulier de la diaspora palestinienne forte de 350 000 personnes au Chili.<\/div>\n<\/div>\n","protected":false},"excerpt":{"rendered":"<p>Le Chili va ouvrir une ambassade en Palestine, d\u00e9clare le pr\u00e9sident La position pro-palestinienne au Chili atteint de nouveaux sommets, le pr\u00e9sident Boric annon\u00e7ant qu&rsquo;il ouvrirait une ambassade en Palestine<\/p>\n","protected":false},"author":2,"featured_media":29301,"comment_status":"closed","ping_status":"open","sticky":false,"template":"","format":"standard","meta":[],"categories":[],"tags":[],"_links":{"self":[{"href":"https:\/\/www.lejournalduforkane.com\/index.php\/wp-json\/wp\/v2\/posts\/29300"}],"collection":[{"href":"https:\/\/www.lejournalduforkane.com\/index.php\/wp-json\/wp\/v2\/posts"}],"about":[{"href":"https:\/\/www.lejournalduforkane.com\/index.php\/wp-json\/wp\/v2\/types\/post"}],"author":[{"embeddable":true,"href":"https:\/\/www.lejournalduforkane.com\/index.php\/wp-json\/wp\/v2\/users\/2"}],"replies":[{"embeddable":true,"href":"https:\/\/www.lejournalduforkane.com\/index.php\/wp-json\/wp\/v2\/comments?post=29300"}],"version-history":[{"count":1,"href":"https:\/\/www.lejournalduforkane.com\/index.php\/wp-json\/wp\/v2\/posts\/29300\/revisions"}],"predecessor-version":[{"id":29302,"href":"https:\/\/www.lejournalduforkane.com\/index.php\/wp-json\/wp\/v2\/posts\/29300\/revisions\/29302"}],"wp:featuredmedia":[{"embeddable":true,"href":"https:\/\/www.lejournalduforkane.com\/index.php\/wp-json\/wp\/v2\/media\/29301"}],"wp:attachment":[{"href":"https:\/\/www.lejournalduforkane.com\/index.php\/wp-json\/wp\/v2\/media?parent=29300"}],"wp:term":[{"taxonomy":"category","embeddable":true,"href":"https:\/\/www.lejournalduforkane.com\/index.php\/wp-json\/wp\/v2\/categories?post=29300"},{"taxonomy":"post_tag","embeddable":true,"href":"https:\/\/www.lejournalduforkane.com\/index.php\/wp-json\/wp\/v2\/tags?post=29300"}],"curies":[{"name":"wp","href":"https:\/\/api.w.org\/{rel}","templated":true}]}}