
{"id":29303,"date":"2022-12-22T15:09:00","date_gmt":"2022-12-22T15:09:00","guid":{"rendered":"https:\/\/www.lejournalduforkane.com\/?p=29303"},"modified":"2022-12-25T15:15:27","modified_gmt":"2022-12-25T15:15:27","slug":"le-role-des-etats-unis-dans-lattaque-terroriste-de-chiraz-revele-khamenei","status":"publish","type":"post","link":"https:\/\/www.lejournalduforkane.com\/index.php\/le-role-des-etats-unis-dans-lattaque-terroriste-de-chiraz-revele-khamenei\/","title":{"rendered":"Le r\u00f4le des \u00c9tats-Unis dans l&rsquo;attaque terroriste de Chiraz r\u00e9v\u00e9l\u00e9 : Khamenei"},"content":{"rendered":"<div class=\"x11i5rnm xat24cr x1mh8g0r x1vvkbs xdj266r x126k92a\">\n<div dir=\"auto\">Le r\u00f4le des \u00c9tats-Unis dans l&rsquo;attaque terroriste de Chiraz r\u00e9v\u00e9l\u00e9 : Khamenei<\/div>\n<\/div>\n<div class=\"x11i5rnm xat24cr x1mh8g0r x1vvkbs xtlvy1s x126k92a\">\n<div dir=\"auto\">Le dirigeant iranien Sayyed Ali Khamenei a d\u00e9clar\u00e9 que le r\u00f4le cach\u00e9 des \u00c9tats-Unis dans l&rsquo;attaque terroriste de Chiraz avait \u00e9t\u00e9 r\u00e9v\u00e9l\u00e9.<\/div>\n<div dir=\"auto\"><\/div>\n<\/div>\n<div class=\"x11i5rnm xat24cr x1mh8g0r x1vvkbs xtlvy1s x126k92a\">\n<div dir=\"auto\">Le dirigeant iranien Sayyed Ali Khamenei a critiqu\u00e9 l&rsquo;administration am\u00e9ricaine \u00ab\u00a0m\u00e9chante\u00a0\u00bb pour son soutien \u00e0 l&rsquo;organisation terroriste ISIS et son r\u00f4le dans l&rsquo;attaque meurtri\u00e8re contre un site sacr\u00e9 \u00e0 Chiraz, dans le sud de l&rsquo;Iran, le mois dernier.<\/div>\n<\/div>\n<div class=\"x11i5rnm xat24cr x1mh8g0r x1vvkbs xtlvy1s x126k92a\">\n<div dir=\"auto\">Il a rencontr\u00e9 mardi des familles touch\u00e9es par l&rsquo;attaque terroriste de Shah Cheragh et a d\u00e9clar\u00e9 que \u00ab\u00a0ceux qui ont fond\u00e9 l&rsquo;Etat islamique sont complices de ce crime\u00a0\u00bb.<\/div>\n<div dir=\"auto\"><\/div>\n<\/div>\n<div class=\"x11i5rnm xat24cr x1mh8g0r x1vvkbs xtlvy1s x126k92a\">\n<div dir=\"auto\">Dans des remarques lors de la r\u00e9union, Khamenei a d\u00e9clar\u00e9 que l&rsquo;attaque terroriste am\u00e8re qui a rempli les c\u0153urs de chagrin restera dans l&rsquo;histoire de l&rsquo;Iran, notant que le r\u00f4le cach\u00e9 de ceux qui sont impliqu\u00e9s dans un acte aussi vicieux, \u00ab\u00a0\u00e0 savoir les Am\u00e9ricains malveillants qui ont cr\u00e9\u00e9 l&rsquo;organisation terroriste ISIS groupe \u00bb, a \u00e9t\u00e9 d\u00e9voil\u00e9.<\/div>\n<\/div>\n<div class=\"x11i5rnm xat24cr x1mh8g0r x1vvkbs xtlvy1s x126k92a\">\n<div dir=\"auto\">Il a en outre d\u00e9clar\u00e9 que le meurtre de p\u00e8lerins se distinguait des autres attentats terroristes et a r\u00e9v\u00e9l\u00e9 plus d&rsquo;informations sur une controverse impliquant les adversaires de l&rsquo;Iran.<\/div>\n<div dir=\"auto\"><\/div>\n<\/div>\n<div class=\"x11i5rnm xat24cr x1mh8g0r x1vvkbs xtlvy1s x126k92a\">\n<div dir=\"auto\">\u00ab\u00a0Outre les auteurs criminels et perfides (de l&rsquo;attaque), les principaux partisans et cr\u00e9ateurs de l&rsquo;Etat islamique sont complices de ce crime\u00a0\u00bb, a ajout\u00e9 Khamenei, affirmant que les \u00c9tats-Unis sont un menteur si pourri avec un comportement si scandaleux et si hypocrite qu&rsquo;il hisse le drapeau des droits de l&rsquo;homme dans les mots, mais cr\u00e9e des groupes terroristes dangereux dans la pratique.<\/div>\n<div dir=\"auto\"><\/div>\n<\/div>\n<div class=\"x11i5rnm xat24cr x1mh8g0r x1vvkbs xtlvy1s x126k92a\">\n<div dir=\"auto\">Khamenei a exhort\u00e9 les institutions culturelles et m\u00e9diatiques iraniennes \u00e0 produire des \u0153uvres artistiques illustrant l&rsquo;attaque terroriste contre Shah Cheragh et d&rsquo;autres \u00e9v\u00e9nements historiques.<\/div>\n<\/div>\n<div class=\"x11i5rnm xat24cr x1mh8g0r x1vvkbs xtlvy1s x126k92a\">\n<div dir=\"auto\">Il a soulign\u00e9 que les organisations iraniennes devraient pr\u00e9server pour les g\u00e9n\u00e9rations futures les d\u00e9tails de l&rsquo;attaque terroriste de Chiraz, tout comme elles le font pour l&rsquo;Achoura et d&rsquo;autres \u00e9v\u00e9nements historiques.<\/div>\n<\/div>\n","protected":false},"excerpt":{"rendered":"<p>Le r\u00f4le des \u00c9tats-Unis dans l&rsquo;attaque terroriste de Chiraz r\u00e9v\u00e9l\u00e9 : Khamenei Le dirigeant iranien Sayyed Ali Khamenei a d\u00e9clar\u00e9 que le r\u00f4le cach\u00e9 des \u00c9tats-Unis dans l&rsquo;attaque terroriste de<\/p>\n","protected":false},"author":2,"featured_media":29304,"comment_status":"closed","ping_status":"open","sticky":false,"template":"","format":"standard","meta":[],"categories":[],"tags":[],"_links":{"self":[{"href":"https:\/\/www.lejournalduforkane.com\/index.php\/wp-json\/wp\/v2\/posts\/29303"}],"collection":[{"href":"https:\/\/www.lejournalduforkane.com\/index.php\/wp-json\/wp\/v2\/posts"}],"about":[{"href":"https:\/\/www.lejournalduforkane.com\/index.php\/wp-json\/wp\/v2\/types\/post"}],"author":[{"embeddable":true,"href":"https:\/\/www.lejournalduforkane.com\/index.php\/wp-json\/wp\/v2\/users\/2"}],"replies":[{"embeddable":true,"href":"https:\/\/www.lejournalduforkane.com\/index.php\/wp-json\/wp\/v2\/comments?post=29303"}],"version-history":[{"count":1,"href":"https:\/\/www.lejournalduforkane.com\/index.php\/wp-json\/wp\/v2\/posts\/29303\/revisions"}],"predecessor-version":[{"id":29305,"href":"https:\/\/www.lejournalduforkane.com\/index.php\/wp-json\/wp\/v2\/posts\/29303\/revisions\/29305"}],"wp:featuredmedia":[{"embeddable":true,"href":"https:\/\/www.lejournalduforkane.com\/index.php\/wp-json\/wp\/v2\/media\/29304"}],"wp:attachment":[{"href":"https:\/\/www.lejournalduforkane.com\/index.php\/wp-json\/wp\/v2\/media?parent=29303"}],"wp:term":[{"taxonomy":"category","embeddable":true,"href":"https:\/\/www.lejournalduforkane.com\/index.php\/wp-json\/wp\/v2\/categories?post=29303"},{"taxonomy":"post_tag","embeddable":true,"href":"https:\/\/www.lejournalduforkane.com\/index.php\/wp-json\/wp\/v2\/tags?post=29303"}],"curies":[{"name":"wp","href":"https:\/\/api.w.org\/{rel}","templated":true}]}}