
{"id":29313,"date":"2022-12-22T15:52:00","date_gmt":"2022-12-22T15:52:00","guid":{"rendered":"https:\/\/www.lejournalduforkane.com\/?p=29313"},"modified":"2022-12-25T15:53:26","modified_gmt":"2022-12-25T15:53:26","slug":"poutine-et-le-president-bielorusse-raillent-macron","status":"publish","type":"post","link":"https:\/\/www.lejournalduforkane.com\/index.php\/poutine-et-le-president-bielorusse-raillent-macron\/","title":{"rendered":"Poutine et le Pr\u00e9sident bi\u00e9lorusse raillent Macron"},"content":{"rendered":"<div class=\"x11i5rnm xat24cr x1mh8g0r x1vvkbs xdj266r x126k92a\">\n<div dir=\"auto\">Poutine et le Pr\u00e9sident bi\u00e9lorusse raillent Macron<\/div>\n<\/div>\n<div class=\"x11i5rnm xat24cr x1mh8g0r x1vvkbs xtlvy1s x126k92a\">\n<div dir=\"auto\">\u00ab\u00a0Journaliste : Pr\u00e9sident Poutine, si la France avait gagn\u00e9, y a-t-il une chance que Macron ait re\u00e7u un appel de votre part ?<\/div>\n<\/div>\n<div class=\"x11i5rnm xat24cr x1mh8g0r x1vvkbs xtlvy1s x126k92a\">\n<div dir=\"auto\">Loukachenko : Re\u00e7u quoi ?<\/div>\n<\/div>\n<div class=\"x11i5rnm xat24cr x1mh8g0r x1vvkbs xtlvy1s x126k92a\">\n<div dir=\"auto\">Journaliste : Un appel du pr\u00e9sident Poutine. Beaucoup de gens veulent .parler avec le Pr\u00e9sident Poutine fr\u00e9quemment.<\/div>\n<\/div>\n<div class=\"x11i5rnm xat24cr x1mh8g0r x1vvkbs xtlvy1s x126k92a\">\n<div dir=\"auto\">Loukachenko: Non, il est probable que Macron aurait appel\u00e9 le pr\u00e9sident Poutine pour lui annoncer avec joie la victoire de la France et lui demander des f\u00e9licitations. Je rigole.<\/div>\n<\/div>\n<div class=\"x11i5rnm xat24cr x1mh8g0r x1vvkbs xtlvy1s x126k92a\">\n<div dir=\"auto\">Poutine: J&rsquo;entretiens des relations de travail avec beaucoup de mes coll\u00e8gues, y compris le pr\u00e9sident fran\u00e7ais. Nous restons en contact par t\u00e9l\u00e9phone. Comme vous le savez, depuis le d\u00e9but de l&rsquo;op\u00e9ration militaire sp\u00e9ciale, il s&rsquo;est rendu \u00e0 Moscou \u00e0 plusieurs reprises.<\/div>\n<\/div>\n<div class=\"x11i5rnm xat24cr x1mh8g0r x1vvkbs xtlvy1s x126k92a\">\n<div dir=\"auto\">En ce qui concerne le match, j&rsquo;ai regard\u00e9 la deuxi\u00e8me mi-temps \u00e0 partir du moment o\u00f9 le score \u00e9tait \u00e0 \u00e9galit\u00e9 2-2. J&rsquo;ai \u00e9galement regard\u00e9 les prolongations. Bien s\u00fbr, apr\u00e8s le match, je n&rsquo;ai pas pu m&#8217;emp\u00eacher d&rsquo;appeler le pr\u00e9sident argentin pour le f\u00e9liciter. Je sais que l&rsquo;Argentine est un pays de football, et ce match est sp\u00e9cial pour le peuple argentin qui aime son \u00e9quipe, y compris les grands joueurs. Je pense qu&rsquo;ils ont m\u00e9rit\u00e9 la victoire.\u00a0\u00bb<\/div>\n<\/div>\n<div class=\"x11i5rnm xat24cr x1mh8g0r x1vvkbs xtlvy1s x126k92a\">\n<div dir=\"auto\">19 d\u00e9cembre 2022<\/div>\n<\/div>\n","protected":false},"excerpt":{"rendered":"<p>Poutine et le Pr\u00e9sident bi\u00e9lorusse raillent Macron \u00ab\u00a0Journaliste : Pr\u00e9sident Poutine, si la France avait gagn\u00e9, y a-t-il une chance que Macron ait re\u00e7u un appel de votre part ?<\/p>\n","protected":false},"author":2,"featured_media":29314,"comment_status":"closed","ping_status":"open","sticky":false,"template":"","format":"standard","meta":[],"categories":[],"tags":[],"_links":{"self":[{"href":"https:\/\/www.lejournalduforkane.com\/index.php\/wp-json\/wp\/v2\/posts\/29313"}],"collection":[{"href":"https:\/\/www.lejournalduforkane.com\/index.php\/wp-json\/wp\/v2\/posts"}],"about":[{"href":"https:\/\/www.lejournalduforkane.com\/index.php\/wp-json\/wp\/v2\/types\/post"}],"author":[{"embeddable":true,"href":"https:\/\/www.lejournalduforkane.com\/index.php\/wp-json\/wp\/v2\/users\/2"}],"replies":[{"embeddable":true,"href":"https:\/\/www.lejournalduforkane.com\/index.php\/wp-json\/wp\/v2\/comments?post=29313"}],"version-history":[{"count":1,"href":"https:\/\/www.lejournalduforkane.com\/index.php\/wp-json\/wp\/v2\/posts\/29313\/revisions"}],"predecessor-version":[{"id":29315,"href":"https:\/\/www.lejournalduforkane.com\/index.php\/wp-json\/wp\/v2\/posts\/29313\/revisions\/29315"}],"wp:featuredmedia":[{"embeddable":true,"href":"https:\/\/www.lejournalduforkane.com\/index.php\/wp-json\/wp\/v2\/media\/29314"}],"wp:attachment":[{"href":"https:\/\/www.lejournalduforkane.com\/index.php\/wp-json\/wp\/v2\/media?parent=29313"}],"wp:term":[{"taxonomy":"category","embeddable":true,"href":"https:\/\/www.lejournalduforkane.com\/index.php\/wp-json\/wp\/v2\/categories?post=29313"},{"taxonomy":"post_tag","embeddable":true,"href":"https:\/\/www.lejournalduforkane.com\/index.php\/wp-json\/wp\/v2\/tags?post=29313"}],"curies":[{"name":"wp","href":"https:\/\/api.w.org\/{rel}","templated":true}]}}