
{"id":29328,"date":"2023-01-04T18:00:00","date_gmt":"2023-01-04T18:00:00","guid":{"rendered":"https:\/\/www.lejournalduforkane.com\/?p=29328"},"modified":"2023-01-18T18:04:24","modified_gmt":"2023-01-18T18:04:24","slug":"liran-convoque-lambassadeur-de-france-pour-une-caricature-offensante-de-charlie-hebdo","status":"publish","type":"post","link":"https:\/\/www.lejournalduforkane.com\/index.php\/liran-convoque-lambassadeur-de-france-pour-une-caricature-offensante-de-charlie-hebdo\/","title":{"rendered":"L&rsquo;Iran convoque l&rsquo;ambassadeur de France pour une caricature offensante de Charlie Hebdo"},"content":{"rendered":"<p>T\u00e9h\u00e9ran convoque l&rsquo;ambassadeur de France pour protester contre des caricatures offensantes publi\u00e9es dans un journal fran\u00e7ais.<\/p>\n<p>Le minist\u00e8re iranien des Affaires \u00e9trang\u00e8res a annonc\u00e9 la convocation de l&rsquo;ambassadeur de France \u00e0 T\u00e9h\u00e9ran, en guise d&rsquo;objection \u00e0 un magazine fran\u00e7ais insultant l&rsquo;autorit\u00e9 religieuse et les valeurs et saintet\u00e9s islamiques.<\/p>\n<p>T\u00e9h\u00e9ran \u00ab\u00a0ne permettra jamais que son caract\u00e8re sacr\u00e9 et ses valeurs islamiques soient insult\u00e9s\u00a0\u00bb, a d\u00e9clar\u00e9 le porte-parole du minist\u00e8re iranien des Affaires \u00e9trang\u00e8res, Nasser Kanaani.<\/p>\n<p>\u00ab\u00a0La France n&rsquo;a pas le droit, sous pr\u00e9texte de libert\u00e9 d&rsquo;expression, d&rsquo;insulter le caract\u00e8re sacr\u00e9 des musulmans et d&rsquo;autres pays\u00a0\u00bb, a soulign\u00e9 Kanaani, pointant \u00ab\u00a0le bilan noir du magazine fran\u00e7ais en attaquant le Proph\u00e8te de l&rsquo;Islam, le Saint Coran et la religion de l&rsquo;islam. \u00bb<\/p>\n<p>\u00ab\u00a0Le gouvernement fran\u00e7ais est responsable de cet acte odieux, humiliant et injustifi\u00e9\u00a0\u00bb, a-t-il soulign\u00e9, ajoutant que \u00ab\u00a0l&rsquo;Iran se r\u00e9serve le droit de r\u00e9pondre de mani\u00e8re appropri\u00e9e \u00e0 ces actions, et il attend une explication du gouvernement fran\u00e7ais et une condamnation\u00a0\u00bb. Du comportement inacceptable du magazine fran\u00e7ais.\u00a0\u00bb<\/p>\n<p>De son c\u00f4t\u00e9, le ministre iranien des Affaires \u00e9trang\u00e8res Hossein Amir-Abdollahian a post\u00e9 un tweet affirmant que \u00ab\u00a0l&rsquo;acte insultant et inappropri\u00e9 initi\u00e9 par un magazine fran\u00e7ais contre l&rsquo;autorit\u00e9 politique et religieuse\u00a0\u00bb ne restera pas impuni.<\/p>\n<p>\u00ab\u00a0Nous ne permettrons pas au gouvernement fran\u00e7ais de d\u00e9passer ses limites. Ils ont certainement choisi une mauvaise voie\u00a0\u00bb, a-t-il ajout\u00e9.<\/p>\n<p>Plus t\u00f4t mercredi, Amir-Abdollahian a critiqu\u00e9 l&rsquo;hebdomadaire satirique fran\u00e7ais Charlie Hebdo pour des caricatures destin\u00e9es \u00e0 offenser les autorit\u00e9s religieuses et politiques iraniennes.<\/p>\n<p>\u00ab\u00a0L&rsquo;acte insultant et honteux d&rsquo;un magazine fran\u00e7ais en publiant des caricatures contre les autorit\u00e9s religieuses et politiques recevra une r\u00e9ponse d\u00e9cisive et efficace\u00a0\u00bb, a d\u00e9clar\u00e9 mercredi Amir-Abdollahian dans un message sur son compte Twitter.<\/p>\n","protected":false},"excerpt":{"rendered":"<p>T\u00e9h\u00e9ran convoque l&rsquo;ambassadeur de France pour protester contre des caricatures offensantes publi\u00e9es dans un journal fran\u00e7ais. Le minist\u00e8re iranien des Affaires \u00e9trang\u00e8res a annonc\u00e9 la convocation de l&rsquo;ambassadeur de France<\/p>\n","protected":false},"author":2,"featured_media":29329,"comment_status":"closed","ping_status":"open","sticky":false,"template":"","format":"standard","meta":[],"categories":[],"tags":[],"_links":{"self":[{"href":"https:\/\/www.lejournalduforkane.com\/index.php\/wp-json\/wp\/v2\/posts\/29328"}],"collection":[{"href":"https:\/\/www.lejournalduforkane.com\/index.php\/wp-json\/wp\/v2\/posts"}],"about":[{"href":"https:\/\/www.lejournalduforkane.com\/index.php\/wp-json\/wp\/v2\/types\/post"}],"author":[{"embeddable":true,"href":"https:\/\/www.lejournalduforkane.com\/index.php\/wp-json\/wp\/v2\/users\/2"}],"replies":[{"embeddable":true,"href":"https:\/\/www.lejournalduforkane.com\/index.php\/wp-json\/wp\/v2\/comments?post=29328"}],"version-history":[{"count":1,"href":"https:\/\/www.lejournalduforkane.com\/index.php\/wp-json\/wp\/v2\/posts\/29328\/revisions"}],"predecessor-version":[{"id":29330,"href":"https:\/\/www.lejournalduforkane.com\/index.php\/wp-json\/wp\/v2\/posts\/29328\/revisions\/29330"}],"wp:featuredmedia":[{"embeddable":true,"href":"https:\/\/www.lejournalduforkane.com\/index.php\/wp-json\/wp\/v2\/media\/29329"}],"wp:attachment":[{"href":"https:\/\/www.lejournalduforkane.com\/index.php\/wp-json\/wp\/v2\/media?parent=29328"}],"wp:term":[{"taxonomy":"category","embeddable":true,"href":"https:\/\/www.lejournalduforkane.com\/index.php\/wp-json\/wp\/v2\/categories?post=29328"},{"taxonomy":"post_tag","embeddable":true,"href":"https:\/\/www.lejournalduforkane.com\/index.php\/wp-json\/wp\/v2\/tags?post=29328"}],"curies":[{"name":"wp","href":"https:\/\/api.w.org\/{rel}","templated":true}]}}