
{"id":29351,"date":"2023-02-04T19:20:00","date_gmt":"2023-02-04T19:20:00","guid":{"rendered":"https:\/\/www.lejournalduforkane.com\/?p=29351"},"modified":"2023-02-05T19:21:58","modified_gmt":"2023-02-05T19:21:58","slug":"les-guillemets-de-la-honte","status":"publish","type":"post","link":"https:\/\/www.lejournalduforkane.com\/index.php\/les-guillemets-de-la-honte\/","title":{"rendered":"Les guillemets de la honte!"},"content":{"rendered":"<div class=\"x11i5rnm xat24cr x1mh8g0r x1vvkbs xdj266r x126k92a\">\n<div dir=\"auto\">Les guillemets de la honte.<\/div>\n<\/div>\n<div class=\"x11i5rnm xat24cr x1mh8g0r x1vvkbs xtlvy1s x126k92a\">\n<div dir=\"auto\">Tuer des enfants dans un lieu de p\u00e8lerinage, puisque \u00e7a s&rsquo;inscrit dans un mouvement de contestation contre la R\u00e9publique Islamique d&rsquo;Iran, ce n&rsquo;est pas vraiment du terrorisme hein&#8230;<\/div>\n<\/div>\n<p><img loading=\"lazy\" class=\"alignnone size-full wp-image-29352\" src=\"https:\/\/www.lejournalduforkane.com\/wp-content\/uploads\/2023\/02\/Les-guillemets-de-la-honte..jpg\" alt=\"\" width=\"519\" height=\"600\" srcset=\"https:\/\/www.lejournalduforkane.com\/wp-content\/uploads\/2023\/02\/Les-guillemets-de-la-honte..jpg 519w, https:\/\/www.lejournalduforkane.com\/wp-content\/uploads\/2023\/02\/Les-guillemets-de-la-honte.-260x300.jpg 260w\" sizes=\"(max-width: 519px) 100vw, 519px\" \/><\/p>\n","protected":false},"excerpt":{"rendered":"<p>Les guillemets de la honte. Tuer des enfants dans un lieu de p\u00e8lerinage, puisque \u00e7a s&rsquo;inscrit dans un mouvement de contestation contre la R\u00e9publique Islamique d&rsquo;Iran, ce n&rsquo;est pas vraiment<\/p>\n","protected":false},"author":2,"featured_media":29352,"comment_status":"closed","ping_status":"open","sticky":false,"template":"","format":"standard","meta":[],"categories":[],"tags":[],"_links":{"self":[{"href":"https:\/\/www.lejournalduforkane.com\/index.php\/wp-json\/wp\/v2\/posts\/29351"}],"collection":[{"href":"https:\/\/www.lejournalduforkane.com\/index.php\/wp-json\/wp\/v2\/posts"}],"about":[{"href":"https:\/\/www.lejournalduforkane.com\/index.php\/wp-json\/wp\/v2\/types\/post"}],"author":[{"embeddable":true,"href":"https:\/\/www.lejournalduforkane.com\/index.php\/wp-json\/wp\/v2\/users\/2"}],"replies":[{"embeddable":true,"href":"https:\/\/www.lejournalduforkane.com\/index.php\/wp-json\/wp\/v2\/comments?post=29351"}],"version-history":[{"count":1,"href":"https:\/\/www.lejournalduforkane.com\/index.php\/wp-json\/wp\/v2\/posts\/29351\/revisions"}],"predecessor-version":[{"id":29353,"href":"https:\/\/www.lejournalduforkane.com\/index.php\/wp-json\/wp\/v2\/posts\/29351\/revisions\/29353"}],"wp:featuredmedia":[{"embeddable":true,"href":"https:\/\/www.lejournalduforkane.com\/index.php\/wp-json\/wp\/v2\/media\/29352"}],"wp:attachment":[{"href":"https:\/\/www.lejournalduforkane.com\/index.php\/wp-json\/wp\/v2\/media?parent=29351"}],"wp:term":[{"taxonomy":"category","embeddable":true,"href":"https:\/\/www.lejournalduforkane.com\/index.php\/wp-json\/wp\/v2\/categories?post=29351"},{"taxonomy":"post_tag","embeddable":true,"href":"https:\/\/www.lejournalduforkane.com\/index.php\/wp-json\/wp\/v2\/tags?post=29351"}],"curies":[{"name":"wp","href":"https:\/\/api.w.org\/{rel}","templated":true}]}}