
{"id":29357,"date":"2023-02-04T19:24:00","date_gmt":"2023-02-04T19:24:00","guid":{"rendered":"https:\/\/www.lejournalduforkane.com\/?p=29357"},"modified":"2023-02-05T19:25:54","modified_gmt":"2023-02-05T19:25:54","slug":"la-vie-quotidienne-sous-loccupation","status":"publish","type":"post","link":"https:\/\/www.lejournalduforkane.com\/index.php\/la-vie-quotidienne-sous-loccupation\/","title":{"rendered":"La vie quotidienne sous l&rsquo;occupation."},"content":{"rendered":"<div class=\"x11i5rnm xat24cr x1mh8g0r x1vvkbs xdj266r x126k92a\">\n<div dir=\"auto\">Vid\u00e9o d\u00e9chirante d&rsquo;un enfant palestinien de Gaza apr\u00e8s les fun\u00e9railles de son p\u00e8re, mort lors de l&rsquo;agression d&rsquo;Isra\u00ebl contre Gaza l&rsquo;ann\u00e9e derni\u00e8re.<\/div>\n<\/div>\n<div class=\"x11i5rnm xat24cr x1mh8g0r x1vvkbs xtlvy1s x126k92a\">\n<div dir=\"auto\">La vie quotidienne sous l&rsquo;occupation.<\/div>\n<\/div>\n\n\n<iframe loading=\"lazy\" src=\"https:\/\/www.facebook.com\/plugins\/video.php?height=476&#038;href=https%3A%2F%2Fwww.facebook.com%2Fle.journal.du.forqane%2Fvideos%2F582780490043940%2F&#038;show_text=false&#038;width=380&#038;t=0\" width=\"380\" height=\"476\" style=\"border:none;overflow:hidden\" scrolling=\"no\" frameborder=\"0\" allowfullscreen=\"true\" allow=\"autoplay; clipboard-write; encrypted-media; picture-in-picture; web-share\" allowFullScreen=\"true\"><\/iframe>\n","protected":false},"excerpt":{"rendered":"<p>Vid\u00e9o d\u00e9chirante d&rsquo;un enfant palestinien de Gaza apr\u00e8s les fun\u00e9railles de son p\u00e8re, mort lors de l&rsquo;agression d&rsquo;Isra\u00ebl contre Gaza l&rsquo;ann\u00e9e derni\u00e8re. La vie quotidienne sous l&rsquo;occupation.<\/p>\n","protected":false},"author":2,"featured_media":29358,"comment_status":"closed","ping_status":"open","sticky":false,"template":"","format":"standard","meta":[],"categories":[],"tags":[],"_links":{"self":[{"href":"https:\/\/www.lejournalduforkane.com\/index.php\/wp-json\/wp\/v2\/posts\/29357"}],"collection":[{"href":"https:\/\/www.lejournalduforkane.com\/index.php\/wp-json\/wp\/v2\/posts"}],"about":[{"href":"https:\/\/www.lejournalduforkane.com\/index.php\/wp-json\/wp\/v2\/types\/post"}],"author":[{"embeddable":true,"href":"https:\/\/www.lejournalduforkane.com\/index.php\/wp-json\/wp\/v2\/users\/2"}],"replies":[{"embeddable":true,"href":"https:\/\/www.lejournalduforkane.com\/index.php\/wp-json\/wp\/v2\/comments?post=29357"}],"version-history":[{"count":1,"href":"https:\/\/www.lejournalduforkane.com\/index.php\/wp-json\/wp\/v2\/posts\/29357\/revisions"}],"predecessor-version":[{"id":29359,"href":"https:\/\/www.lejournalduforkane.com\/index.php\/wp-json\/wp\/v2\/posts\/29357\/revisions\/29359"}],"wp:featuredmedia":[{"embeddable":true,"href":"https:\/\/www.lejournalduforkane.com\/index.php\/wp-json\/wp\/v2\/media\/29358"}],"wp:attachment":[{"href":"https:\/\/www.lejournalduforkane.com\/index.php\/wp-json\/wp\/v2\/media?parent=29357"}],"wp:term":[{"taxonomy":"category","embeddable":true,"href":"https:\/\/www.lejournalduforkane.com\/index.php\/wp-json\/wp\/v2\/categories?post=29357"},{"taxonomy":"post_tag","embeddable":true,"href":"https:\/\/www.lejournalduforkane.com\/index.php\/wp-json\/wp\/v2\/tags?post=29357"}],"curies":[{"name":"wp","href":"https:\/\/api.w.org\/{rel}","templated":true}]}}