
{"id":29364,"date":"2023-02-07T18:11:00","date_gmt":"2023-02-07T18:11:00","guid":{"rendered":"https:\/\/www.lejournalduforkane.com\/?p=29364"},"modified":"2023-02-08T18:13:33","modified_gmt":"2023-02-08T18:13:33","slug":"un-seisme-majeur-fait-des-milliers-de-morts-en-turquie-et-en-syrie","status":"publish","type":"post","link":"https:\/\/www.lejournalduforkane.com\/index.php\/un-seisme-majeur-fait-des-milliers-de-morts-en-turquie-et-en-syrie\/","title":{"rendered":"Un s\u00e9isme majeur fait des milliers de morts en Turquie et en Syrie"},"content":{"rendered":"<div class=\"x11i5rnm xat24cr x1mh8g0r x1vvkbs xdj266r x126k92a\">\n<div dir=\"auto\"><\/div>\n<\/div>\n<div class=\"x11i5rnm xat24cr x1mh8g0r x1vvkbs xtlvy1s x126k92a\">\n<div dir=\"auto\">Le tremblement de terre a \u00e9t\u00e9 l&rsquo;un des plus puissants \u00e0 avoir frapp\u00e9 la r\u00e9gion depuis au moins un si\u00e8cle, touchant le sud-est de la Turquie, le Liban, la Syrie, Chypre et la Palestine occup\u00e9e.<\/div>\n<div dir=\"auto\"><\/div>\n<\/div>\n<div class=\"x11i5rnm xat24cr x1mh8g0r x1vvkbs xtlvy1s x126k92a\">\n<div dir=\"auto\">Lundi, un tremblement de terre de magnitude 7,8 a frapp\u00e9 la Turquie, la Syrie, le Liban et la Palestine, tuant plus de 300 personnes, rasant des maisons alors que beaucoup dormaient encore et propageant des secousses jusqu&rsquo;\u00e0 l&rsquo;\u00eele de Chypre.<\/div>\n<div dir=\"auto\"><\/div>\n<\/div>\n<div class=\"x11i5rnm xat24cr x1mh8g0r x1vvkbs xtlvy1s x126k92a\">\n<div dir=\"auto\">Le nombre initial de morts en Turquie \u00e9tait de 76, mais il a augment\u00e9 consid\u00e9rablement car la calamit\u00e9 nocturne a d\u00e9vast\u00e9 des dizaines de tours d&rsquo;appartements dans les grandes villes.<\/div>\n<div dir=\"auto\"><\/div>\n<\/div>\n<div class=\"x11i5rnm xat24cr x1mh8g0r x1vvkbs xtlvy1s x126k92a\">\n<div dir=\"auto\">Des images \u00e0 la t\u00e9l\u00e9vision montraient des citoyens turcs stup\u00e9faits debout dans la neige en pyjama, regardant les sauveteurs fouiller dans les d\u00e9combres des maisons d\u00e9truites.<\/div>\n<div dir=\"auto\"><\/div>\n<\/div>\n<div class=\"x11i5rnm xat24cr x1mh8g0r x1vvkbs xtlvy1s x126k92a\">\n<div dir=\"auto\">Pendant ce temps, au moins 230 personnes ont \u00e9t\u00e9 tu\u00e9es et des milliers bless\u00e9es \u00e0 travers la Syrie alors que des b\u00e2timents sont tomb\u00e9s \u00e0 la suite d&rsquo;un tremblement de terre de magnitude 7,8 qui a eu son \u00e9picentre dans le sud-est de la Turquie, selon le minist\u00e8re syrien de la Sant\u00e9.<\/div>\n<div dir=\"auto\"><\/div>\n<\/div>\n<div class=\"x11i5rnm xat24cr x1mh8g0r x1vvkbs xtlvy1s x126k92a\">\n<div dir=\"auto\">Depuis que le tremblement de terre a frapp\u00e9 la Syrie \u00e0 l&rsquo;aube, les secouristes se sont pr\u00e9cipit\u00e9s \u00e0 la recherche de survivants parmi les d\u00e9combres des maisons effondr\u00e9es.<\/div>\n<div dir=\"auto\"><\/div>\n<\/div>\n<div class=\"x11i5rnm xat24cr x1mh8g0r x1vvkbs xtlvy1s x126k92a\">\n<div dir=\"auto\">Des habitants terrifi\u00e9s se sont enfuis de chez eux apr\u00e8s que le sol a trembl\u00e9, selon les m\u00e9dias.<\/div>\n<\/div>\n<div class=\"x11i5rnm xat24cr x1mh8g0r x1vvkbs xtlvy1s x126k92a\">\n<div dir=\"auto\">Plus t\u00f4t, SANA a rapport\u00e9 plus t\u00f4t que le tremblement de terre avait \u00e9t\u00e9 ressenti de la c\u00f4te ouest de Lattaqui\u00e9 \u00e0 Damas.<\/div>\n<div dir=\"auto\"><\/div>\n<\/div>\n<div class=\"x11i5rnm xat24cr x1mh8g0r x1vvkbs xtlvy1s x126k92a\">\n<div dir=\"auto\">\u00ab\u00a0Ce tremblement de terre est le plus fort depuis la cr\u00e9ation du Centre national des tremblements de terre en 1995\u00a0\u00bb, a d\u00e9clar\u00e9 Raed Ahmed, qui dirige le centre, cit\u00e9 par SANA.<\/div>\n<div dir=\"auto\"><\/div>\n<\/div>\n<div class=\"x11i5rnm xat24cr x1mh8g0r x1vvkbs xtlvy1s x126k92a\">\n<div dir=\"auto\">Au moins huit personnes ont \u00e9t\u00e9 tu\u00e9es \u00ab\u00a0dans les r\u00e9gions d&rsquo;Azaz et d&rsquo;al-Bab\u00a0\u00bb, a d\u00e9clar\u00e9 une source dans un h\u00f4pital local, cit\u00e9e par l&rsquo;AFP, ajoutant que le nombre est susceptible d&rsquo;augmenter \u00e0 mesure que les op\u00e9rations de recherche et de sauvetage sont en cours.<\/div>\n<div dir=\"auto\"><\/div>\n<\/div>\n<div class=\"x11i5rnm xat24cr x1mh8g0r x1vvkbs xtlvy1s x126k92a\">\n<div dir=\"auto\">L&rsquo;US Geological Survey a signal\u00e9 un tremblement de terre de magnitude 7,8 pr\u00e8s de Gaziantep, dans le sud de la Turquie, lundi \u00e0 04h17 heure locale (01h17 GMT) \u00e0 une profondeur d&rsquo;environ 17,9 kilom\u00e8tres (11 miles).<\/div>\n<\/div>\n<div class=\"x11i5rnm xat24cr x1mh8g0r x1vvkbs xtlvy1s x126k92a\">\n<div dir=\"auto\">Il convient de noter que le tremblement de terre a \u00e9galement atteint le Liban, la Palestine occup\u00e9e et Chypre.<\/div>\n<\/div>\n","protected":false},"excerpt":{"rendered":"<p>Le tremblement de terre a \u00e9t\u00e9 l&rsquo;un des plus puissants \u00e0 avoir frapp\u00e9 la r\u00e9gion depuis au moins un si\u00e8cle, touchant le sud-est de la Turquie, le Liban, la Syrie,<\/p>\n","protected":false},"author":2,"featured_media":29365,"comment_status":"closed","ping_status":"open","sticky":false,"template":"","format":"standard","meta":[],"categories":[],"tags":[],"_links":{"self":[{"href":"https:\/\/www.lejournalduforkane.com\/index.php\/wp-json\/wp\/v2\/posts\/29364"}],"collection":[{"href":"https:\/\/www.lejournalduforkane.com\/index.php\/wp-json\/wp\/v2\/posts"}],"about":[{"href":"https:\/\/www.lejournalduforkane.com\/index.php\/wp-json\/wp\/v2\/types\/post"}],"author":[{"embeddable":true,"href":"https:\/\/www.lejournalduforkane.com\/index.php\/wp-json\/wp\/v2\/users\/2"}],"replies":[{"embeddable":true,"href":"https:\/\/www.lejournalduforkane.com\/index.php\/wp-json\/wp\/v2\/comments?post=29364"}],"version-history":[{"count":1,"href":"https:\/\/www.lejournalduforkane.com\/index.php\/wp-json\/wp\/v2\/posts\/29364\/revisions"}],"predecessor-version":[{"id":29366,"href":"https:\/\/www.lejournalduforkane.com\/index.php\/wp-json\/wp\/v2\/posts\/29364\/revisions\/29366"}],"wp:featuredmedia":[{"embeddable":true,"href":"https:\/\/www.lejournalduforkane.com\/index.php\/wp-json\/wp\/v2\/media\/29365"}],"wp:attachment":[{"href":"https:\/\/www.lejournalduforkane.com\/index.php\/wp-json\/wp\/v2\/media?parent=29364"}],"wp:term":[{"taxonomy":"category","embeddable":true,"href":"https:\/\/www.lejournalduforkane.com\/index.php\/wp-json\/wp\/v2\/categories?post=29364"},{"taxonomy":"post_tag","embeddable":true,"href":"https:\/\/www.lejournalduforkane.com\/index.php\/wp-json\/wp\/v2\/tags?post=29364"}],"curies":[{"name":"wp","href":"https:\/\/api.w.org\/{rel}","templated":true}]}}