
{"id":29367,"date":"2023-02-07T18:13:00","date_gmt":"2023-02-07T18:13:00","guid":{"rendered":"https:\/\/www.lejournalduforkane.com\/?p=29367"},"modified":"2023-02-08T18:17:04","modified_gmt":"2023-02-08T18:17:04","slug":"les-sionistes-ont-ete-frappes-de-peur-lorsque-lavion-de-larmee-iranienne-transportant-de-laide-pour-la-turquie-a-atterri-a-quelques-metres-dun-avion-israelien-ce-qui-les-a-incites-a-retar","status":"publish","type":"post","link":"https:\/\/www.lejournalduforkane.com\/index.php\/les-sionistes-ont-ete-frappes-de-peur-lorsque-lavion-de-larmee-iranienne-transportant-de-laide-pour-la-turquie-a-atterri-a-quelques-metres-dun-avion-israelien-ce-qui-les-a-incites-a-retar\/","title":{"rendered":"Les sionistes ont \u00e9t\u00e9 frapp\u00e9s de peur lorsque l&rsquo;avion de l&rsquo;arm\u00e9e iranienne transportant de l&rsquo;aide pour la Turquie a atterri \u00e0 quelques m\u00e8tres d&rsquo;un avion \u00ab\u00a0isra\u00e9lien\u00a0\u00bb, ce qui les a incit\u00e9s \u00e0 retarder le d\u00e9barquement du mat\u00e9riel charg\u00e9."},"content":{"rendered":"\n<iframe loading=\"lazy\" src=\"https:\/\/www.facebook.com\/plugins\/video.php?height=318&#038;href=https%3A%2F%2Fwww.facebook.com%2Fle.journal.du.forqane%2Fvideos%2F495853692624650%2F&#038;show_text=false&#038;width=560&#038;t=0\" width=\"560\" height=\"318\" style=\"border:none;overflow:hidden\" scrolling=\"no\" frameborder=\"0\" allowfullscreen=\"true\" allow=\"autoplay; clipboard-write; encrypted-media; picture-in-picture; web-share\" allowFullScreen=\"true\"><\/iframe>\n","protected":false},"excerpt":{"rendered":"","protected":false},"author":2,"featured_media":29368,"comment_status":"closed","ping_status":"open","sticky":false,"template":"","format":"standard","meta":[],"categories":[],"tags":[],"_links":{"self":[{"href":"https:\/\/www.lejournalduforkane.com\/index.php\/wp-json\/wp\/v2\/posts\/29367"}],"collection":[{"href":"https:\/\/www.lejournalduforkane.com\/index.php\/wp-json\/wp\/v2\/posts"}],"about":[{"href":"https:\/\/www.lejournalduforkane.com\/index.php\/wp-json\/wp\/v2\/types\/post"}],"author":[{"embeddable":true,"href":"https:\/\/www.lejournalduforkane.com\/index.php\/wp-json\/wp\/v2\/users\/2"}],"replies":[{"embeddable":true,"href":"https:\/\/www.lejournalduforkane.com\/index.php\/wp-json\/wp\/v2\/comments?post=29367"}],"version-history":[{"count":1,"href":"https:\/\/www.lejournalduforkane.com\/index.php\/wp-json\/wp\/v2\/posts\/29367\/revisions"}],"predecessor-version":[{"id":29369,"href":"https:\/\/www.lejournalduforkane.com\/index.php\/wp-json\/wp\/v2\/posts\/29367\/revisions\/29369"}],"wp:featuredmedia":[{"embeddable":true,"href":"https:\/\/www.lejournalduforkane.com\/index.php\/wp-json\/wp\/v2\/media\/29368"}],"wp:attachment":[{"href":"https:\/\/www.lejournalduforkane.com\/index.php\/wp-json\/wp\/v2\/media?parent=29367"}],"wp:term":[{"taxonomy":"category","embeddable":true,"href":"https:\/\/www.lejournalduforkane.com\/index.php\/wp-json\/wp\/v2\/categories?post=29367"},{"taxonomy":"post_tag","embeddable":true,"href":"https:\/\/www.lejournalduforkane.com\/index.php\/wp-json\/wp\/v2\/tags?post=29367"}],"curies":[{"name":"wp","href":"https:\/\/api.w.org\/{rel}","templated":true}]}}