
{"id":29385,"date":"2023-02-11T15:42:00","date_gmt":"2023-02-11T15:42:00","guid":{"rendered":"https:\/\/www.lejournalduforkane.com\/?p=29385"},"modified":"2023-02-15T15:43:55","modified_gmt":"2023-02-15T15:43:55","slug":"nous-ressentons-votre-douleur-nous-continuerons-a-vous-aider-khamenei-a-la-syrie-et-a-la-turquie","status":"publish","type":"post","link":"https:\/\/www.lejournalduforkane.com\/index.php\/nous-ressentons-votre-douleur-nous-continuerons-a-vous-aider-khamenei-a-la-syrie-et-a-la-turquie\/","title":{"rendered":"Nous ressentons votre douleur, nous continuerons \u00e0 vous aider : Khamenei \u00e0 la Syrie et \u00e0 la Turquie"},"content":{"rendered":"<div class=\"x11i5rnm xat24cr x1mh8g0r x1vvkbs xdj266r x126k92a\">\n<div dir=\"auto\">Nous ressentons votre douleur, nous continuerons \u00e0 vous aider : Khamenei \u00e0 la Syrie et \u00e0 la Turquie<\/div>\n<\/div>\n<div class=\"x11i5rnm xat24cr x1mh8g0r x1vvkbs xtlvy1s x126k92a\">\n<div dir=\"auto\">Le guide supr\u00eame iranien, l&rsquo;ayatollah Sayyed Ali Khamenei, exprime ses condol\u00e9ances aux peuples syrien et turc \u00e0 la suite du tremblement de terre d\u00e9vastateur de lundi.<\/div>\n<\/div>\n<div class=\"x11i5rnm xat24cr x1mh8g0r x1vvkbs xtlvy1s x126k92a\">\n<div dir=\"auto\">Dans un discours prononc\u00e9 mercredi, le dirigeant iranien, l&rsquo;ayatollah Ali Khamenei, a assur\u00e9 les peuples syrien et turc de l&rsquo;aide et de l&rsquo;assistance continues de l&rsquo;Iran.<\/div>\n<\/div>\n<div class=\"x11i5rnm xat24cr x1mh8g0r x1vvkbs xtlvy1s x126k92a\">\n<div dir=\"auto\">Il a exprim\u00e9 sa tristesse face \u00e0 la catastrophe humanitaire caus\u00e9e par le tremblement de terre d\u00e9vastateur de magnitude 7,8 qui a frapp\u00e9 la r\u00e9gion lundi, suivi d&rsquo;une s\u00e9rie de r\u00e9pliques sans pr\u00e9c\u00e9dent. :Nous ressentons une grande tristesse pour nos fr\u00e8res en Syrie et en Turquie qui ont \u00e9t\u00e9 afflig\u00e9s par des tremblements de terre. Nous demandons au Dieu Tout-Puissant d&rsquo;accorder sa mis\u00e9ricorde au d\u00e9funt et d&rsquo;accorder la patience \u00e0 ceux qui sont en deuil.\u00a0\u00bb<\/div>\n<\/div>\n<div class=\"x11i5rnm xat24cr x1mh8g0r x1vvkbs xtlvy1s x126k92a\">\n<div dir=\"auto\">Plus de 9 000 personnes ont \u00e9t\u00e9 tu\u00e9es dans les deux pays jusqu&rsquo;\u00e0 pr\u00e9sent, et le nombre de morts devrait augmenter \u00e0 mesure que les temp\u00e9ratures baissent. \u00ab\u00a0Nous prions pour que les \u00e2mes des victimes reposent en paix et nous demandons \u00e0 Dieu d&rsquo;accorder la patience \u00e0 leurs familles\u00a0\u00bb, a d\u00e9clar\u00e9 Khamenei en s&rsquo;adressant \u00e0 un rassemblement de responsables militaires.<\/div>\n<\/div>\n<div class=\"x11i5rnm xat24cr x1mh8g0r x1vvkbs xtlvy1s x126k92a\">\n<div dir=\"auto\">\u00ab\u00a0Nous avons d\u00e9j\u00e0 \u00e9t\u00e9 afflig\u00e9s par des tremblements de terre. Nous savons quand un tremblement de terre frappe et que des familles perdent leurs proches \u00e0 quel point c&rsquo;est dur et amer. Nous ressentons leur douleur et demandons \u00e0 Dieu Tout-Puissant patience et tranquillit\u00e9 pour eux. Les autorit\u00e9s ont aid\u00e9, merci Dieu, et ils aideront \u00e0 nouveau.\u00a0\u00bb<\/div>\n<\/div>\n<div class=\"x11i5rnm xat24cr x1mh8g0r x1vvkbs xtlvy1s x126k92a\">\n<div dir=\"auto\">Khamenei a r\u00e9it\u00e9r\u00e9 que les responsables iraniens ont aid\u00e9 [les victimes de la Syrie et de la Turquie] et continueront d&rsquo;aider les deux pays voisins.<\/div>\n<\/div>\n<div class=\"x11i5rnm xat24cr x1mh8g0r x1vvkbs xtlvy1s x126k92a\">\n<div dir=\"auto\">Le premier avion iranien transportant de l&rsquo;aide humanitaire a atterri mardi \u00e0 l&rsquo;a\u00e9roport international de Damas, pour venir en aide au peuple syrien frapp\u00e9 par le s\u00e9isme.<\/div>\n<\/div>\n<div class=\"x11i5rnm xat24cr x1mh8g0r x1vvkbs xtlvy1s x126k92a\">\n<div dir=\"auto\">L&rsquo;ambassadeur d&rsquo;Iran \u00e0 Damas, Mehdi Sobhani, qui se trouvait \u00e0 l&rsquo;a\u00e9roport, a d\u00e9clar\u00e9 que T\u00e9h\u00e9ran enverrait davantage d&rsquo;avions transportant des secours \u00e0 la Syrie.<\/div>\n<\/div>\n<div class=\"x11i5rnm xat24cr x1mh8g0r x1vvkbs xtlvy1s x126k92a\">\n<div dir=\"auto\">Le pr\u00e9sident iranien Ebrahim Raisi a pr\u00e9sent\u00e9 ses condol\u00e9ances \u00e0 ses homologues turc et syrien, Recep Tayyip Erdogan et Bachar al-Assad, lors d&rsquo;appels s\u00e9par\u00e9s concernant la perte tragique de vies humaines lors du tremblement de terre et a promis l&rsquo;aide et l&rsquo;assistance de son pays.<\/div>\n<\/div>\n<div class=\"x11i5rnm xat24cr x1mh8g0r x1vvkbs xtlvy1s x126k92a\">\n<div dir=\"auto\">Mardi \u00e9galement, le porte-parole du minist\u00e8re iranien des Affaires \u00e9trang\u00e8res a exhort\u00e9 les diff\u00e9rents pays \u00e0 faire pression sur le gouvernement am\u00e9ricain pour qu&rsquo;il l\u00e8ve le si\u00e8ge cruel de la Syrie afin que l&rsquo;aide humanitaire internationale puisse \u00eatre achemin\u00e9e aux personnes sinistr\u00e9es, sans aucun obstacle, dans les plus brefs d\u00e9lais. .<\/div>\n<\/div>\n","protected":false},"excerpt":{"rendered":"<p>Nous ressentons votre douleur, nous continuerons \u00e0 vous aider : Khamenei \u00e0 la Syrie et \u00e0 la Turquie Le guide supr\u00eame iranien, l&rsquo;ayatollah Sayyed Ali Khamenei, exprime ses condol\u00e9ances aux<\/p>\n","protected":false},"author":2,"featured_media":29386,"comment_status":"closed","ping_status":"open","sticky":false,"template":"","format":"standard","meta":[],"categories":[],"tags":[],"_links":{"self":[{"href":"https:\/\/www.lejournalduforkane.com\/index.php\/wp-json\/wp\/v2\/posts\/29385"}],"collection":[{"href":"https:\/\/www.lejournalduforkane.com\/index.php\/wp-json\/wp\/v2\/posts"}],"about":[{"href":"https:\/\/www.lejournalduforkane.com\/index.php\/wp-json\/wp\/v2\/types\/post"}],"author":[{"embeddable":true,"href":"https:\/\/www.lejournalduforkane.com\/index.php\/wp-json\/wp\/v2\/users\/2"}],"replies":[{"embeddable":true,"href":"https:\/\/www.lejournalduforkane.com\/index.php\/wp-json\/wp\/v2\/comments?post=29385"}],"version-history":[{"count":1,"href":"https:\/\/www.lejournalduforkane.com\/index.php\/wp-json\/wp\/v2\/posts\/29385\/revisions"}],"predecessor-version":[{"id":29387,"href":"https:\/\/www.lejournalduforkane.com\/index.php\/wp-json\/wp\/v2\/posts\/29385\/revisions\/29387"}],"wp:featuredmedia":[{"embeddable":true,"href":"https:\/\/www.lejournalduforkane.com\/index.php\/wp-json\/wp\/v2\/media\/29386"}],"wp:attachment":[{"href":"https:\/\/www.lejournalduforkane.com\/index.php\/wp-json\/wp\/v2\/media?parent=29385"}],"wp:term":[{"taxonomy":"category","embeddable":true,"href":"https:\/\/www.lejournalduforkane.com\/index.php\/wp-json\/wp\/v2\/categories?post=29385"},{"taxonomy":"post_tag","embeddable":true,"href":"https:\/\/www.lejournalduforkane.com\/index.php\/wp-json\/wp\/v2\/tags?post=29385"}],"curies":[{"name":"wp","href":"https:\/\/api.w.org\/{rel}","templated":true}]}}