
{"id":29402,"date":"2023-02-12T15:52:00","date_gmt":"2023-02-12T15:52:00","guid":{"rendered":"https:\/\/www.lejournalduforkane.com\/?p=29402"},"modified":"2023-02-15T15:54:01","modified_gmt":"2023-02-15T15:54:01","slug":"cet-enfant-a-survecu-pendant-128-heures-sous-les-decombres-a-hama-en-syrie","status":"publish","type":"post","link":"https:\/\/www.lejournalduforkane.com\/index.php\/cet-enfant-a-survecu-pendant-128-heures-sous-les-decombres-a-hama-en-syrie\/","title":{"rendered":"Cet enfant a surv\u00e9cu pendant 128 heures sous les d\u00e9combres \u00e0 Hama, en Syrie."},"content":{"rendered":"<div class=\"x11i5rnm xat24cr x1mh8g0r x1vvkbs xdj266r x126k92a\">\n<div dir=\"auto\">Cet enfant a surv\u00e9cu pendant 128 heures sous les d\u00e9combres \u00e0 Hama, en Syrie.<\/div>\n<\/div>\n<div class=\"x11i5rnm xat24cr x1mh8g0r x1vvkbs xtlvy1s x126k92a\">\n<div dir=\"auto\">Un t\u00e9moignage de la force du peuple syrien, que ni le soutien international \u00e0 Daech ni les sanctions internationales inhumaines n&rsquo;ont pu mettre \u00e0 genoux.<\/div>\n<\/div>\n<div class=\"x11i5rnm xat24cr x1mh8g0r x1vvkbs xtlvy1s x126k92a\">\n<div dir=\"auto\">Le s\u00e9isme d\u00e9vastateur n&rsquo;y parviendra pas non plus<\/div>\n<\/div>\n<div dir=\"auto\"><\/div>\n<div dir=\"auto\"><\/div>\n<div dir=\"auto\"><img loading=\"lazy\" class=\"alignnone size-full wp-image-29403\" src=\"https:\/\/www.lejournalduforkane.com\/wp-content\/uploads\/2023\/02\/Cet-enfant-a-survecu-pendant-128-heures-sous-les-decombres-a-Hama-en-Syrie..jpg\" alt=\"\" width=\"516\" height=\"640\" srcset=\"https:\/\/www.lejournalduforkane.com\/wp-content\/uploads\/2023\/02\/Cet-enfant-a-survecu-pendant-128-heures-sous-les-decombres-a-Hama-en-Syrie..jpg 516w, https:\/\/www.lejournalduforkane.com\/wp-content\/uploads\/2023\/02\/Cet-enfant-a-survecu-pendant-128-heures-sous-les-decombres-a-Hama-en-Syrie.-242x300.jpg 242w\" sizes=\"(max-width: 516px) 100vw, 516px\" \/><\/div>\n","protected":false},"excerpt":{"rendered":"<p>Cet enfant a surv\u00e9cu pendant 128 heures sous les d\u00e9combres \u00e0 Hama, en Syrie. Un t\u00e9moignage de la force du peuple syrien, que ni le soutien international \u00e0 Daech ni<\/p>\n","protected":false},"author":2,"featured_media":29403,"comment_status":"closed","ping_status":"open","sticky":false,"template":"","format":"standard","meta":[],"categories":[],"tags":[],"_links":{"self":[{"href":"https:\/\/www.lejournalduforkane.com\/index.php\/wp-json\/wp\/v2\/posts\/29402"}],"collection":[{"href":"https:\/\/www.lejournalduforkane.com\/index.php\/wp-json\/wp\/v2\/posts"}],"about":[{"href":"https:\/\/www.lejournalduforkane.com\/index.php\/wp-json\/wp\/v2\/types\/post"}],"author":[{"embeddable":true,"href":"https:\/\/www.lejournalduforkane.com\/index.php\/wp-json\/wp\/v2\/users\/2"}],"replies":[{"embeddable":true,"href":"https:\/\/www.lejournalduforkane.com\/index.php\/wp-json\/wp\/v2\/comments?post=29402"}],"version-history":[{"count":1,"href":"https:\/\/www.lejournalduforkane.com\/index.php\/wp-json\/wp\/v2\/posts\/29402\/revisions"}],"predecessor-version":[{"id":29404,"href":"https:\/\/www.lejournalduforkane.com\/index.php\/wp-json\/wp\/v2\/posts\/29402\/revisions\/29404"}],"wp:featuredmedia":[{"embeddable":true,"href":"https:\/\/www.lejournalduforkane.com\/index.php\/wp-json\/wp\/v2\/media\/29403"}],"wp:attachment":[{"href":"https:\/\/www.lejournalduforkane.com\/index.php\/wp-json\/wp\/v2\/media?parent=29402"}],"wp:term":[{"taxonomy":"category","embeddable":true,"href":"https:\/\/www.lejournalduforkane.com\/index.php\/wp-json\/wp\/v2\/categories?post=29402"},{"taxonomy":"post_tag","embeddable":true,"href":"https:\/\/www.lejournalduforkane.com\/index.php\/wp-json\/wp\/v2\/tags?post=29402"}],"curies":[{"name":"wp","href":"https:\/\/api.w.org\/{rel}","templated":true}]}}